{
    "id": 7487,
    "date": "2024-12-01T16:25:00",
    "date_gmt": "2024-12-01T22:25:00",
    "guid": {
        "rendered": "https:\/\/tahr.mx\/?p=7487"
    },
    "modified": "2025-07-11T14:33:35",
    "modified_gmt": "2025-07-11T20:33:35",
    "slug": "concurso-para-el-nuevo-museo-de-arquitectura-y-diseno-helsinki",
    "status": "publish",
    "type": "post",
    "link": "https:\/\/tahr.mx\/es\/concurso-para-el-nuevo-museo-de-arquitectura-y-diseno-helsinki\/",
    "title": {
        "rendered": "Concurso para el Nuevo Museo de Arquitectura y Dise\u00f1o, Helsinki"
    },
    "content": {
        "rendered": "<div data-elementor-type=\"wp-post\" data-elementor-id=\"7487\" class=\"elementor elementor-7487\" data-elementor-post-type=\"post\">\n\t\t\t\t<div class=\"elementor-element elementor-element-d1e68d4 e-flex e-con-boxed e-con e-parent\" data-id=\"d1e68d4\" data-element_type=\"container\">\n\t\t\t\t\t<div class=\"e-con-inner\">\n\t\t<div class=\"elementor-element elementor-element-d22af1e e-con-full e-flex e-con e-child\" data-id=\"d22af1e\" data-element_type=\"container\">\n\t\t\t\t<div class=\"elementor-element elementor-element-e903d9d elementor-widget elementor-widget-heading\" data-id=\"e903d9d\" data-element_type=\"widget\" data-widget_type=\"heading.default\">\n\t\t\t\t\t<h3 class=\"elementor-heading-title elementor-size-default\">Concurso para el Nuevo Museo de Arquitectura y Dise\u00f1o, Helsinki<\/h3>\t\t\t\t<\/div>\n\t\t\t\t<\/div>\n\t\t<div class=\"elementor-element elementor-element-d36259d e-con-full e-flex e-con e-child\" data-id=\"d36259d\" data-element_type=\"container\">\n\t\t\t\t<div class=\"elementor-element elementor-element-7460de9 elementor-widget-tablet__width-initial elementor-widget elementor-widget-heading\" data-id=\"7460de9\" data-element_type=\"widget\" data-widget_type=\"heading.default\">\n\t\t\t\t\t<p class=\"elementor-heading-title elementor-size-default\">December, 2024<\/p>\t\t\t\t<\/div>\n\t\t\t\t<\/div>\n\t\t\t\t\t<\/div>\n\t\t\t\t<\/div>\n\t\t<div class=\"elementor-element elementor-element-f409bae e-flex e-con-boxed e-con e-parent\" data-id=\"f409bae\" data-element_type=\"container\">\n\t\t\t\t\t<div class=\"e-con-inner\">\n\t\t<div class=\"elementor-element elementor-element-02588fa e-con-full e-flex e-con e-child\" data-id=\"02588fa\" data-element_type=\"container\">\n\t\t\t\t<div class=\"elementor-element elementor-element-ba8d9a9 elementor-widget elementor-widget-image\" data-id=\"ba8d9a9\" data-element_type=\"widget\" data-widget_type=\"image.default\">\n\t\t\t\t\t\t\t\t\t\t\t\t\t\t\t<img fetchpriority=\"high\" decoding=\"async\" width=\"2560\" height=\"1440\" src=\"https:\/\/tahr.mx\/wp-content\/uploads\/2025\/07\/TAHR_News_Cultural_Design_Competition_For_The_New_Museum_of_Architecture_and_Design_Helsinki_02-scaled.jpg\" class=\"attachment-full size-full wp-image-7489\" alt=\"TAHR_News_Cultural_Design_Competition_For_The_New_Museum_of_Architecture_and_Design_Helsinki_02\" srcset=\"https:\/\/tahr.mx\/wp-content\/uploads\/2025\/07\/TAHR_News_Cultural_Design_Competition_For_The_New_Museum_of_Architecture_and_Design_Helsinki_02-scaled.jpg 2560w, https:\/\/tahr.mx\/wp-content\/uploads\/2025\/07\/TAHR_News_Cultural_Design_Competition_For_The_New_Museum_of_Architecture_and_Design_Helsinki_02-300x169.jpg 300w, https:\/\/tahr.mx\/wp-content\/uploads\/2025\/07\/TAHR_News_Cultural_Design_Competition_For_The_New_Museum_of_Architecture_and_Design_Helsinki_02-1024x576.jpg 1024w, https:\/\/tahr.mx\/wp-content\/uploads\/2025\/07\/TAHR_News_Cultural_Design_Competition_For_The_New_Museum_of_Architecture_and_Design_Helsinki_02-768x432.jpg 768w, https:\/\/tahr.mx\/wp-content\/uploads\/2025\/07\/TAHR_News_Cultural_Design_Competition_For_The_New_Museum_of_Architecture_and_Design_Helsinki_02-1536x864.jpg 1536w, https:\/\/tahr.mx\/wp-content\/uploads\/2025\/07\/TAHR_News_Cultural_Design_Competition_For_The_New_Museum_of_Architecture_and_Design_Helsinki_02-2048x1152.jpg 2048w, https:\/\/tahr.mx\/wp-content\/uploads\/2025\/07\/TAHR_News_Cultural_Design_Competition_For_The_New_Museum_of_Architecture_and_Design_Helsinki_02-18x10.jpg 18w\" sizes=\"(max-width: 2560px) 100vw, 2560px\" \/>\t\t\t\t\t\t\t\t\t\t\t\t\t\t\t<\/div>\n\t\t\t\t<\/div>\n\t\t<div class=\"elementor-element elementor-element-8098467 e-con-full e-flex e-con e-child\" data-id=\"8098467\" data-element_type=\"container\">\n\t\t\t\t<div class=\"elementor-element elementor-element-3e70620 elementor-widget-laptop__width-initial elementor-widget__width-inherit elementor-widget elementor-widget-text-editor\" data-id=\"3e70620\" data-element_type=\"widget\" data-widget_type=\"text-editor.default\">\n\t\t\t\t\t\t\t\t\t<p>Nuestra propuesta para el concurso: \u201cDesign competition for the New Museum of Architecture and Design, Helsinki\u201d<\/p>\n<p>El proyecto refleja la relaci\u00f3n entre el espacio urbano y la forma arquitect\u00f3nica mediante un dise\u00f1o basado en la experiencia humana. La estrategia de volumetr\u00eda del edificio reduce intencionadamente su altura a nivel de la plaza, creando una entrada acogedora y accesible.<\/p>\t\t\t\t\t\t\t\t<\/div>\n\t\t\t\t<\/div>\n\t\t\t\t\t<\/div>\n\t\t\t\t<\/div>\n\t\t<div class=\"elementor-element elementor-element-0513ba2 e-flex e-con-boxed e-con e-parent\" data-id=\"0513ba2\" data-element_type=\"container\">\n\t\t\t\t\t<div class=\"e-con-inner\">\n\t\t<div class=\"elementor-element elementor-element-4fa7154 e-con-full e-flex e-con e-child\" data-id=\"4fa7154\" data-element_type=\"container\">\n\t\t\t\t<div class=\"elementor-element elementor-element-794ab26 elementor-widget-laptop__width-initial elementor-widget__width-inherit elementor-widget elementor-widget-text-editor\" data-id=\"794ab26\" data-element_type=\"widget\" data-widget_type=\"text-editor.default\">\n\t\t\t\t\t\t\t\t\t<p>Una plaza elevada ampl\u00eda el \u00e1mbito p\u00fablico y se integra de manera fluida con la plaza circundante a trav\u00e9s de una escalinata p\u00fablica. Este espacio elevado fomenta la conectividad y ofrece el potencial para eventos p\u00fablicos y privados, vinculando las funciones internas del museo con el tejido urbano externo.<\/p>\t\t\t\t\t\t\t\t<\/div>\n\t\t\t\t<\/div>\n\t\t<div class=\"elementor-element elementor-element-cf3bf5f e-con-full e-flex e-con e-child\" data-id=\"cf3bf5f\" data-element_type=\"container\">\n\t\t\t\t<div class=\"elementor-element elementor-element-b80c741 elementor-widget elementor-widget-image\" data-id=\"b80c741\" data-element_type=\"widget\" data-widget_type=\"image.default\">\n\t\t\t\t\t\t\t\t\t\t\t\t\t\t\t<img decoding=\"async\" width=\"2560\" height=\"1440\" src=\"https:\/\/tahr.mx\/wp-content\/uploads\/2025\/07\/TAHR_News_Cultural_Design_Competition_For_The_New_Museum_of_Architecture_and_Design_Helsinki_03-scaled.jpg\" class=\"attachment-full size-full wp-image-7490\" alt=\"TAHR_News_Cultural_Design_Competition_For_The_New_Museum_of_Architecture_and_Design_Helsinki_03\" srcset=\"https:\/\/tahr.mx\/wp-content\/uploads\/2025\/07\/TAHR_News_Cultural_Design_Competition_For_The_New_Museum_of_Architecture_and_Design_Helsinki_03-scaled.jpg 2560w, https:\/\/tahr.mx\/wp-content\/uploads\/2025\/07\/TAHR_News_Cultural_Design_Competition_For_The_New_Museum_of_Architecture_and_Design_Helsinki_03-300x169.jpg 300w, https:\/\/tahr.mx\/wp-content\/uploads\/2025\/07\/TAHR_News_Cultural_Design_Competition_For_The_New_Museum_of_Architecture_and_Design_Helsinki_03-1024x576.jpg 1024w, https:\/\/tahr.mx\/wp-content\/uploads\/2025\/07\/TAHR_News_Cultural_Design_Competition_For_The_New_Museum_of_Architecture_and_Design_Helsinki_03-768x432.jpg 768w, https:\/\/tahr.mx\/wp-content\/uploads\/2025\/07\/TAHR_News_Cultural_Design_Competition_For_The_New_Museum_of_Architecture_and_Design_Helsinki_03-1536x864.jpg 1536w, https:\/\/tahr.mx\/wp-content\/uploads\/2025\/07\/TAHR_News_Cultural_Design_Competition_For_The_New_Museum_of_Architecture_and_Design_Helsinki_03-2048x1152.jpg 2048w, https:\/\/tahr.mx\/wp-content\/uploads\/2025\/07\/TAHR_News_Cultural_Design_Competition_For_The_New_Museum_of_Architecture_and_Design_Helsinki_03-18x10.jpg 18w\" sizes=\"(max-width: 2560px) 100vw, 2560px\" \/>\t\t\t\t\t\t\t\t\t\t\t\t\t\t\t<\/div>\n\t\t\t\t<\/div>\n\t\t\t\t\t<\/div>\n\t\t\t\t<\/div>\n\t\t\t\t<\/div>",
        "protected": false
    },
    "excerpt": {
        "rendered": "<p>TAHR participa en el Concurso para el Nuevo Museo de Arquitectura y Dise\u00f1o, Helsinki, con una propuesta que vincula la arquitectura con el tejido urbano a trav\u00e9s de una experiencia espacial centrada en el ser humano.<\/p>",
        "protected": false
    },
    "author": 4,
    "featured_media": 7491,
    "comment_status": "open",
    "ping_status": "open",
    "sticky": false,
    "template": "",
    "format": "standard",
    "meta": {
        "footnotes": ""
    },
    "categories": [
        1
    ],
    "tags": [
        18
    ],
    "class_list": [
        "post-7487",
        "post",
        "type-post",
        "status-publish",
        "format-standard",
        "has-post-thumbnail",
        "hentry",
        "category-noticias",
        "tag-december-2024"
    ],
    "_links": {
        "self": [
            {
                "href": "https:\/\/tahr.mx\/es\/wp-json\/wp\/v2\/posts\/7487",
                "targetHints": {
                    "allow": [
                        "GET"
                    ]
                }
            }
        ],
        "collection": [
            {
                "href": "https:\/\/tahr.mx\/es\/wp-json\/wp\/v2\/posts"
            }
        ],
        "about": [
            {
                "href": "https:\/\/tahr.mx\/es\/wp-json\/wp\/v2\/types\/post"
            }
        ],
        "author": [
            {
                "embeddable": true,
                "href": "https:\/\/tahr.mx\/es\/wp-json\/wp\/v2\/users\/4"
            }
        ],
        "replies": [
            {
                "embeddable": true,
                "href": "https:\/\/tahr.mx\/es\/wp-json\/wp\/v2\/comments?post=7487"
            }
        ],
        "version-history": [
            {
                "count": 16,
                "href": "https:\/\/tahr.mx\/es\/wp-json\/wp\/v2\/posts\/7487\/revisions"
            }
        ],
        "predecessor-version": [
            {
                "id": 7954,
                "href": "https:\/\/tahr.mx\/es\/wp-json\/wp\/v2\/posts\/7487\/revisions\/7954"
            }
        ],
        "wp:featuredmedia": [
            {
                "embeddable": true,
                "href": "https:\/\/tahr.mx\/es\/wp-json\/wp\/v2\/media\/7491"
            }
        ],
        "wp:attachment": [
            {
                "href": "https:\/\/tahr.mx\/es\/wp-json\/wp\/v2\/media?parent=7487"
            }
        ],
        "wp:term": [
            {
                "taxonomy": "category",
                "embeddable": true,
                "href": "https:\/\/tahr.mx\/es\/wp-json\/wp\/v2\/categories?post=7487"
            },
            {
                "taxonomy": "post_tag",
                "embeddable": true,
                "href": "https:\/\/tahr.mx\/es\/wp-json\/wp\/v2\/tags?post=7487"
            }
        ],
        "curies": [
            {
                "name": "wp",
                "href": "https:\/\/api.w.org\/{rel}",
                "templated": true
            }
        ]
    }
}