{
    "id": 1,
    "date": "2025-06-01T00:55:00",
    "date_gmt": "2025-06-01T06:55:00",
    "guid": {
        "rendered": "https:\/\/tahr.mx\/?p=1"
    },
    "modified": "2025-07-11T14:11:31",
    "modified_gmt": "2025-07-11T20:11:31",
    "slug": "hola-mundo",
    "status": "publish",
    "type": "post",
    "link": "https:\/\/tahr.mx\/es\/hola-mundo\/",
    "title": {
        "rendered": "Proyecto residencial emblem\u00e1tico en Ciudad Madero"
    },
    "content": {
        "rendered": "<div data-elementor-type=\"wp-post\" data-elementor-id=\"1\" class=\"elementor elementor-1\" data-elementor-post-type=\"post\">\n\t\t\t\t<div class=\"elementor-element elementor-element-58792f5 e-flex e-con-boxed e-con e-parent\" data-id=\"58792f5\" data-element_type=\"container\">\n\t\t\t\t\t<div class=\"e-con-inner\">\n\t\t<div class=\"elementor-element elementor-element-537d888 e-con-full e-flex e-con e-child\" data-id=\"537d888\" data-element_type=\"container\">\n\t\t\t\t<div class=\"elementor-element elementor-element-1cadaad elementor-widget elementor-widget-heading\" data-id=\"1cadaad\" data-element_type=\"widget\" data-widget_type=\"heading.default\">\n\t\t\t\t\t<h3 class=\"elementor-heading-title elementor-size-default\">Proyecto residencial emblem\u00e1tico en Ciudad Madero<\/h3>\t\t\t\t<\/div>\n\t\t\t\t<\/div>\n\t\t<div class=\"elementor-element elementor-element-a102435 e-con-full e-flex e-con e-child\" data-id=\"a102435\" data-element_type=\"container\">\n\t\t\t\t<div class=\"elementor-element elementor-element-179e6f6 elementor-widget elementor-widget-heading\" data-id=\"179e6f6\" data-element_type=\"widget\" data-widget_type=\"heading.default\">\n\t\t\t\t\t<p class=\"elementor-heading-title elementor-size-default\">June, 2025<\/p>\t\t\t\t<\/div>\n\t\t\t\t<\/div>\n\t\t\t\t\t<\/div>\n\t\t\t\t<\/div>\n\t\t<div class=\"elementor-element elementor-element-5736c3e e-flex e-con-boxed e-con e-parent\" data-id=\"5736c3e\" data-element_type=\"container\">\n\t\t\t\t\t<div class=\"e-con-inner\">\n\t\t<div class=\"elementor-element elementor-element-d969e96 e-con-full e-flex e-con e-child\" data-id=\"d969e96\" data-element_type=\"container\">\n\t\t\t\t<div class=\"elementor-element elementor-element-e516cef elementor-widget elementor-widget-image\" data-id=\"e516cef\" data-element_type=\"widget\" data-widget_type=\"image.default\">\n\t\t\t\t\t\t\t\t\t\t\t\t\t\t\t<img fetchpriority=\"high\" decoding=\"async\" width=\"2560\" height=\"2069\" src=\"https:\/\/tahr.mx\/wp-content\/uploads\/2025\/06\/TAHR_News_Residence_Ciudad_Madero_Tamaulipas_03-scaled.jpg\" class=\"attachment-full size-full wp-image-7877\" alt=\"TAHR_News_Residence_Ciudad_Madero_Tamaulipas_03\" srcset=\"https:\/\/tahr.mx\/wp-content\/uploads\/2025\/06\/TAHR_News_Residence_Ciudad_Madero_Tamaulipas_03-scaled.jpg 2560w, https:\/\/tahr.mx\/wp-content\/uploads\/2025\/06\/TAHR_News_Residence_Ciudad_Madero_Tamaulipas_03-300x242.jpg 300w, https:\/\/tahr.mx\/wp-content\/uploads\/2025\/06\/TAHR_News_Residence_Ciudad_Madero_Tamaulipas_03-1024x828.jpg 1024w, https:\/\/tahr.mx\/wp-content\/uploads\/2025\/06\/TAHR_News_Residence_Ciudad_Madero_Tamaulipas_03-768x621.jpg 768w, https:\/\/tahr.mx\/wp-content\/uploads\/2025\/06\/TAHR_News_Residence_Ciudad_Madero_Tamaulipas_03-1536x1241.jpg 1536w, https:\/\/tahr.mx\/wp-content\/uploads\/2025\/06\/TAHR_News_Residence_Ciudad_Madero_Tamaulipas_03-2048x1655.jpg 2048w, https:\/\/tahr.mx\/wp-content\/uploads\/2025\/06\/TAHR_News_Residence_Ciudad_Madero_Tamaulipas_03-15x12.jpg 15w\" sizes=\"(max-width: 2560px) 100vw, 2560px\" \/>\t\t\t\t\t\t\t\t\t\t\t\t\t\t\t<\/div>\n\t\t\t\t<\/div>\n\t\t<div class=\"elementor-element elementor-element-b661f74 e-con-full e-flex e-con e-child\" data-id=\"b661f74\" data-element_type=\"container\">\n\t\t\t\t<div class=\"elementor-element elementor-element-4326c52 elementor-widget-laptop__width-initial elementor-widget__width-inherit elementor-widget elementor-widget-text-editor\" data-id=\"4326c52\" data-element_type=\"widget\" data-widget_type=\"text-editor.default\">\n\t\t\t\t\t\t\t\t\t<p>TAHR ha sido comisionado para liderar el dise\u00f1o y la construcci\u00f3n de un importante desarrollo residencial en Ciudad Madero, Tamaulipas. Este proyecto representa una valiosa oportunidad para aportar al paisaje urbano y arquitect\u00f3nico de la regi\u00f3n mediante una propuesta contempor\u00e1nea y sensible al contexto.<\/p>\t\t\t\t\t\t\t\t<\/div>\n\t\t\t\t<\/div>\n\t\t\t\t\t<\/div>\n\t\t\t\t<\/div>\n\t\t\t\t<\/div>",
        "protected": false
    },
    "excerpt": {
        "rendered": "<p>TAHR ha sido comisionado para liderar el dise\u00f1o y la construcci\u00f3n de un importante desarrollo residencial en Ciudad Madero, Tamaulipas. Este proyecto representa una valiosa oportunidad para aportar al paisaje urbano y arquitect\u00f3nico de la regi\u00f3n mediante una propuesta contempor\u00e1nea y sensible al contexto.<\/p>",
        "protected": false
    },
    "author": 4,
    "featured_media": 7445,
    "comment_status": "open",
    "ping_status": "open",
    "sticky": false,
    "template": "elementor_theme",
    "format": "standard",
    "meta": {
        "footnotes": ""
    },
    "categories": [
        1
    ],
    "tags": [
        16
    ],
    "class_list": [
        "post-1",
        "post",
        "type-post",
        "status-publish",
        "format-standard",
        "has-post-thumbnail",
        "hentry",
        "category-noticias",
        "tag-june-2025"
    ],
    "_links": {
        "self": [
            {
                "href": "https:\/\/tahr.mx\/es\/wp-json\/wp\/v2\/posts\/1",
                "targetHints": {
                    "allow": [
                        "GET"
                    ]
                }
            }
        ],
        "collection": [
            {
                "href": "https:\/\/tahr.mx\/es\/wp-json\/wp\/v2\/posts"
            }
        ],
        "about": [
            {
                "href": "https:\/\/tahr.mx\/es\/wp-json\/wp\/v2\/types\/post"
            }
        ],
        "author": [
            {
                "embeddable": true,
                "href": "https:\/\/tahr.mx\/es\/wp-json\/wp\/v2\/users\/4"
            }
        ],
        "replies": [
            {
                "embeddable": true,
                "href": "https:\/\/tahr.mx\/es\/wp-json\/wp\/v2\/comments?post=1"
            }
        ],
        "version-history": [
            {
                "count": 30,
                "href": "https:\/\/tahr.mx\/es\/wp-json\/wp\/v2\/posts\/1\/revisions"
            }
        ],
        "predecessor-version": [
            {
                "id": 7913,
                "href": "https:\/\/tahr.mx\/es\/wp-json\/wp\/v2\/posts\/1\/revisions\/7913"
            }
        ],
        "wp:featuredmedia": [
            {
                "embeddable": true,
                "href": "https:\/\/tahr.mx\/es\/wp-json\/wp\/v2\/media\/7445"
            }
        ],
        "wp:attachment": [
            {
                "href": "https:\/\/tahr.mx\/es\/wp-json\/wp\/v2\/media?parent=1"
            }
        ],
        "wp:term": [
            {
                "taxonomy": "category",
                "embeddable": true,
                "href": "https:\/\/tahr.mx\/es\/wp-json\/wp\/v2\/categories?post=1"
            },
            {
                "taxonomy": "post_tag",
                "embeddable": true,
                "href": "https:\/\/tahr.mx\/es\/wp-json\/wp\/v2\/tags?post=1"
            }
        ],
        "curies": [
            {
                "name": "wp",
                "href": "https:\/\/api.w.org\/{rel}",
                "templated": true
            }
        ]
    }
}