{
    "id": 8055,
    "date": "2025-07-16T22:48:25",
    "date_gmt": "2025-07-17T04:48:25",
    "guid": {
        "rendered": "https:\/\/tahr.mx\/?page_id=8055"
    },
    "modified": "2025-10-21T13:44:41",
    "modified_gmt": "2025-10-21T19:44:41",
    "slug": "services",
    "status": "publish",
    "type": "page",
    "link": "https:\/\/tahr.mx\/es\/services\/",
    "title": {
        "rendered": "Services"
    },
    "content": {
        "rendered": "<div data-elementor-type=\"wp-page\" data-elementor-id=\"8055\" class=\"elementor elementor-8055\" data-elementor-post-type=\"page\">\n\t\t\t\t\t\t<section class=\"elementor-section elementor-top-section elementor-element elementor-element-a71c311 elementor-section-boxed elementor-section-height-default elementor-section-height-default\" data-id=\"a71c311\" data-element_type=\"section\">\n\t\t\t\t\t\t<div class=\"elementor-container elementor-column-gap-default\">\n\t\t\t\t\t<div class=\"elementor-column elementor-col-100 elementor-top-column elementor-element elementor-element-3687979\" data-id=\"3687979\" data-element_type=\"column\">\n\t\t\t<div class=\"elementor-widget-wrap elementor-element-populated\">\n\t\t\t\t\t\t<div class=\"elementor-element elementor-element-526858c elementor-widget elementor-widget-heading\" data-id=\"526858c\" data-element_type=\"widget\" data-widget_type=\"heading.default\">\n\t\t\t\t\t<h2 class=\"elementor-heading-title elementor-size-default\">Servicios<\/h2>\t\t\t\t<\/div>\n\t\t\t\t<div class=\"elementor-element elementor-element-10f8296 elementor-widget elementor-widget-spacer\" data-id=\"10f8296\" data-element_type=\"widget\" data-widget_type=\"spacer.default\">\n\t\t\t\t\t\t\t<div class=\"elementor-spacer\">\n\t\t\t<div class=\"elementor-spacer-inner\"><\/div>\n\t\t<\/div>\n\t\t\t\t\t\t<\/div>\n\t\t\t\t\t<\/div>\n\t\t<\/div>\n\t\t\t\t\t<\/div>\n\t\t<\/section>\n\t\t\t\t<section class=\"elementor-section elementor-top-section elementor-element elementor-element-72fb7c1 elementor-section-boxed elementor-section-height-default elementor-section-height-default\" data-id=\"72fb7c1\" data-element_type=\"section\">\n\t\t\t\t\t\t<div class=\"elementor-container elementor-column-gap-default\">\n\t\t\t\t\t<div class=\"elementor-column elementor-col-50 elementor-top-column elementor-element elementor-element-3fb677d\" data-id=\"3fb677d\" data-element_type=\"column\">\n\t\t\t<div class=\"elementor-widget-wrap elementor-element-populated\">\n\t\t\t\t\t\t<section class=\"elementor-section elementor-inner-section elementor-element elementor-element-2595b6d elementor-section-boxed elementor-section-height-default elementor-section-height-default\" data-id=\"2595b6d\" data-element_type=\"section\">\n\t\t\t\t\t\t<div class=\"elementor-container elementor-column-gap-default\">\n\t\t\t\t\t<div class=\"elementor-column elementor-col-100 elementor-inner-column elementor-element elementor-element-49da86a\" data-id=\"49da86a\" data-element_type=\"column\">\n\t\t\t<div class=\"elementor-widget-wrap elementor-element-populated\">\n\t\t\t\t\t\t<div class=\"elementor-element elementor-element-a3ade83 elementor-widget elementor-widget-heading\" data-id=\"a3ade83\" data-element_type=\"widget\" data-widget_type=\"heading.default\">\n\t\t\t\t\t<h2 class=\"elementor-heading-title elementor-size-default\">Bienestar y pertenencia a trav\u00e9s del dise\u00f1o \n<\/h2>\t\t\t\t<\/div>\n\t\t\t\t\t<\/div>\n\t\t<\/div>\n\t\t\t\t\t<\/div>\n\t\t<\/section>\n\t\t\t\t\t<\/div>\n\t\t<\/div>\n\t\t\t\t<div class=\"elementor-column elementor-col-50 elementor-top-column elementor-element elementor-element-db95368\" data-id=\"db95368\" data-element_type=\"column\">\n\t\t\t<div class=\"elementor-widget-wrap elementor-element-populated\">\n\t\t\t\t\t\t<div class=\"elementor-element elementor-element-d481981 elementor-widget elementor-widget-image\" data-id=\"d481981\" data-element_type=\"widget\" data-widget_type=\"image.default\">\n\t\t\t\t\t\t\t\t\t\t\t\t\t\t\t<img fetchpriority=\"high\" decoding=\"async\" width=\"2560\" height=\"1438\" src=\"https:\/\/tahr.mx\/wp-content\/uploads\/2023\/12\/DJI_0114-scaled.jpg\" class=\"attachment-full size-full wp-image-2678\" alt=\"TAHR_Hospitality_Zadun_a_Ritz_Carlton_Reserve_Los_Cabos_02\" srcset=\"https:\/\/tahr.mx\/wp-content\/uploads\/2023\/12\/DJI_0114-scaled.jpg 2560w, https:\/\/tahr.mx\/wp-content\/uploads\/2023\/12\/DJI_0114-300x169.jpg 300w, https:\/\/tahr.mx\/wp-content\/uploads\/2023\/12\/DJI_0114-1024x575.jpg 1024w, https:\/\/tahr.mx\/wp-content\/uploads\/2023\/12\/DJI_0114-768x431.jpg 768w, https:\/\/tahr.mx\/wp-content\/uploads\/2023\/12\/DJI_0114-1536x863.jpg 1536w, https:\/\/tahr.mx\/wp-content\/uploads\/2023\/12\/DJI_0114-2048x1151.jpg 2048w\" sizes=\"(max-width: 2560px) 100vw, 2560px\" \/>\t\t\t\t\t\t\t\t\t\t\t\t\t\t\t<\/div>\n\t\t\t\t<div class=\"elementor-element elementor-element-7307f41 elementor-widget__width-auto elementor-absolute elementor-widget elementor-widget-heading\" data-id=\"7307f41\" data-element_type=\"widget\" data-settings=\"{&quot;_position&quot;:&quot;absolute&quot;}\" data-widget_type=\"heading.default\">\n\t\t\t\t\t<h2 class=\"elementor-heading-title elementor-size-default\">.<\/h2>\t\t\t\t<\/div>\n\t\t\t\t\t<\/div>\n\t\t<\/div>\n\t\t\t\t\t<\/div>\n\t\t<\/section>\n\t\t\t\t<section class=\"elementor-section elementor-top-section elementor-element elementor-element-c90e21a elementor-section-boxed elementor-section-height-default elementor-section-height-default\" data-id=\"c90e21a\" data-element_type=\"section\">\n\t\t\t\t\t\t<div class=\"elementor-container elementor-column-gap-default\">\n\t\t\t\t\t<div class=\"elementor-column elementor-col-50 elementor-top-column elementor-element elementor-element-7c18690\" data-id=\"7c18690\" data-element_type=\"column\">\n\t\t\t<div class=\"elementor-widget-wrap elementor-element-populated\">\n\t\t\t\t\t\t<div class=\"elementor-element elementor-element-cab46a8 elementor-widget elementor-widget-image\" data-id=\"cab46a8\" data-element_type=\"widget\" data-widget_type=\"image.default\">\n\t\t\t\t\t\t\t\t\t\t\t\t\t\t\t<img decoding=\"async\" width=\"2560\" height=\"1440\" src=\"https:\/\/tahr.mx\/wp-content\/uploads\/2025\/07\/TAHR_Hospitality_Cotton_Bay_a_Ritz_Carlton_Reserve_Bahamas_01-scaled.jpg\" class=\"attachment-full size-full wp-image-8993\" alt=\"TAHR_Hospitality_Cotton_Bay_a_Ritz_Carlton_Reserve_Bahamas_01\" srcset=\"https:\/\/tahr.mx\/wp-content\/uploads\/2025\/07\/TAHR_Hospitality_Cotton_Bay_a_Ritz_Carlton_Reserve_Bahamas_01-scaled.jpg 2560w, https:\/\/tahr.mx\/wp-content\/uploads\/2025\/07\/TAHR_Hospitality_Cotton_Bay_a_Ritz_Carlton_Reserve_Bahamas_01-300x169.jpg 300w, https:\/\/tahr.mx\/wp-content\/uploads\/2025\/07\/TAHR_Hospitality_Cotton_Bay_a_Ritz_Carlton_Reserve_Bahamas_01-1024x576.jpg 1024w, https:\/\/tahr.mx\/wp-content\/uploads\/2025\/07\/TAHR_Hospitality_Cotton_Bay_a_Ritz_Carlton_Reserve_Bahamas_01-768x432.jpg 768w, https:\/\/tahr.mx\/wp-content\/uploads\/2025\/07\/TAHR_Hospitality_Cotton_Bay_a_Ritz_Carlton_Reserve_Bahamas_01-1536x864.jpg 1536w, https:\/\/tahr.mx\/wp-content\/uploads\/2025\/07\/TAHR_Hospitality_Cotton_Bay_a_Ritz_Carlton_Reserve_Bahamas_01-2048x1152.jpg 2048w, https:\/\/tahr.mx\/wp-content\/uploads\/2025\/07\/TAHR_Hospitality_Cotton_Bay_a_Ritz_Carlton_Reserve_Bahamas_01-18x10.jpg 18w\" sizes=\"(max-width: 2560px) 100vw, 2560px\" \/>\t\t\t\t\t\t\t\t\t\t\t\t\t\t\t<\/div>\n\t\t\t\t\t<\/div>\n\t\t<\/div>\n\t\t\t\t<div class=\"elementor-column elementor-col-50 elementor-top-column elementor-element elementor-element-e7c179f\" data-id=\"e7c179f\" data-element_type=\"column\">\n\t\t\t<div class=\"elementor-widget-wrap elementor-element-populated\">\n\t\t\t\t\t\t<div class=\"elementor-element elementor-element-17588b2 elementor-widget elementor-widget-heading\" data-id=\"17588b2\" data-element_type=\"widget\" data-widget_type=\"heading.default\">\n\t\t\t\t\t<h2 class=\"elementor-heading-title elementor-size-default\">Hospitalidad <\/h2>\t\t\t\t<\/div>\n\t\t\t\t<div class=\"elementor-element elementor-element-0811d3f elementor-widget elementor-widget-text-editor\" data-id=\"0811d3f\" data-element_type=\"widget\" data-widget_type=\"text-editor.default\">\n\t\t\t\t\t\t\t\t\t<p><span style=\"font-weight: 400;\">Nos enorgullece dise\u00f1ar espacios de hoteles <\/span><span style=\"font-weight: 400;\">amplios, c\u00f3modos y funcionales.\u00a0\u00a0<\/span><\/p><p><span style=\"font-weight: 400;\">Desde hoteles y resorts hasta restaurantes y otros <\/span><span style=\"font-weight: 400;\">espacios similares, nuestro enfoque se centra en <\/span><span style=\"font-weight: 400;\">crear experiencias memorables y agradables\u00a0 <\/span><span style=\"font-weight: 400;\">para los hu\u00e9spedes, a la vez que rentables para los propietarios.\u00a0<\/span><\/p>\t\t\t\t\t\t\t\t<\/div>\n\t\t\t\t\t<\/div>\n\t\t<\/div>\n\t\t\t\t\t<\/div>\n\t\t<\/section>\n\t\t\t\t<section class=\"elementor-section elementor-top-section elementor-element elementor-element-8e51b17 elementor-section-boxed elementor-section-height-default elementor-section-height-default\" data-id=\"8e51b17\" data-element_type=\"section\">\n\t\t\t\t\t\t<div class=\"elementor-container elementor-column-gap-default\">\n\t\t\t\t\t<div class=\"elementor-column elementor-col-50 elementor-top-column elementor-element elementor-element-e5e9687\" data-id=\"e5e9687\" data-element_type=\"column\">\n\t\t\t<div class=\"elementor-widget-wrap elementor-element-populated\">\n\t\t\t\t\t\t<section class=\"elementor-section elementor-inner-section elementor-element elementor-element-b4e19db elementor-section-boxed elementor-section-height-default elementor-section-height-default\" data-id=\"b4e19db\" data-element_type=\"section\">\n\t\t\t\t\t\t<div class=\"elementor-container elementor-column-gap-default\">\n\t\t\t\t\t<div class=\"elementor-column elementor-col-100 elementor-inner-column elementor-element elementor-element-83561fa\" data-id=\"83561fa\" data-element_type=\"column\">\n\t\t\t<div class=\"elementor-widget-wrap elementor-element-populated\">\n\t\t\t\t\t\t<div class=\"elementor-element elementor-element-d1b191c elementor-widget elementor-widget-heading\" data-id=\"d1b191c\" data-element_type=\"widget\" data-widget_type=\"heading.default\">\n\t\t\t\t\t<p class=\"elementor-heading-title elementor-size-default\">Desde viviendas unifamiliares hasta edificios \nresidenciales<\/p>\t\t\t\t<\/div>\n\t\t\t\t\t<\/div>\n\t\t<\/div>\n\t\t\t\t\t<\/div>\n\t\t<\/section>\n\t\t\t\t\t<\/div>\n\t\t<\/div>\n\t\t\t\t<div class=\"elementor-column elementor-col-50 elementor-top-column elementor-element elementor-element-4c41d43\" data-id=\"4c41d43\" data-element_type=\"column\">\n\t\t\t<div class=\"elementor-widget-wrap elementor-element-populated\">\n\t\t\t\t\t\t<div class=\"elementor-element elementor-element-8603cc3 elementor-widget elementor-widget-image\" data-id=\"8603cc3\" data-element_type=\"widget\" data-widget_type=\"image.default\">\n\t\t\t\t\t\t\t\t\t\t\t\t\t\t\t<img decoding=\"async\" width=\"2560\" height=\"1707\" src=\"https:\/\/tahr.mx\/wp-content\/uploads\/2025\/06\/AX-R-23-scaled.jpg\" class=\"attachment-full size-full wp-image-6432\" alt=\"TAHR_Residential_Casa_Mantarraya_Quintana_Roo_01\" srcset=\"https:\/\/tahr.mx\/wp-content\/uploads\/2025\/06\/AX-R-23-scaled.jpg 2560w, https:\/\/tahr.mx\/wp-content\/uploads\/2025\/06\/AX-R-23-300x200.jpg 300w, https:\/\/tahr.mx\/wp-content\/uploads\/2025\/06\/AX-R-23-1024x683.jpg 1024w, https:\/\/tahr.mx\/wp-content\/uploads\/2025\/06\/AX-R-23-768x512.jpg 768w, https:\/\/tahr.mx\/wp-content\/uploads\/2025\/06\/AX-R-23-1536x1024.jpg 1536w, https:\/\/tahr.mx\/wp-content\/uploads\/2025\/06\/AX-R-23-2048x1365.jpg 2048w, https:\/\/tahr.mx\/wp-content\/uploads\/2025\/06\/AX-R-23-18x12.jpg 18w\" sizes=\"(max-width: 2560px) 100vw, 2560px\" \/>\t\t\t\t\t\t\t\t\t\t\t\t\t\t\t<\/div>\n\t\t\t\t<div class=\"elementor-element elementor-element-d16d723 elementor-widget__width-auto elementor-absolute elementor-widget elementor-widget-heading\" data-id=\"d16d723\" data-element_type=\"widget\" data-settings=\"{&quot;_position&quot;:&quot;absolute&quot;}\" data-widget_type=\"heading.default\">\n\t\t\t\t\t<h2 class=\"elementor-heading-title elementor-size-default\">.<\/h2>\t\t\t\t<\/div>\n\t\t\t\t\t<\/div>\n\t\t<\/div>\n\t\t\t\t\t<\/div>\n\t\t<\/section>\n\t\t\t\t<section class=\"elementor-section elementor-top-section elementor-element elementor-element-94aa494 elementor-reverse-mobile elementor-section-boxed elementor-section-height-default elementor-section-height-default\" data-id=\"94aa494\" data-element_type=\"section\">\n\t\t\t\t\t\t<div class=\"elementor-container elementor-column-gap-default\">\n\t\t\t\t\t<div class=\"elementor-column elementor-col-50 elementor-top-column elementor-element elementor-element-217214b\" data-id=\"217214b\" data-element_type=\"column\">\n\t\t\t<div class=\"elementor-widget-wrap elementor-element-populated\">\n\t\t\t\t\t\t<div class=\"elementor-element elementor-element-40d0c3e elementor-widget elementor-widget-image\" data-id=\"40d0c3e\" data-element_type=\"widget\" data-widget_type=\"image.default\">\n\t\t\t\t\t\t\t\t\t\t\t\t\t\t\t<img loading=\"lazy\" decoding=\"async\" width=\"2560\" height=\"1440\" src=\"https:\/\/tahr.mx\/wp-content\/uploads\/2025\/06\/009_Deluxe_optimized-scaled.jpg\" class=\"attachment-full size-full wp-image-6761\" alt=\"TAHR_Hospitality_Cotton_Bay_a_Ritz_Carlton_Reserve_Bahamas_03\" srcset=\"https:\/\/tahr.mx\/wp-content\/uploads\/2025\/06\/009_Deluxe_optimized-scaled.jpg 2560w, https:\/\/tahr.mx\/wp-content\/uploads\/2025\/06\/009_Deluxe_optimized-300x169.jpg 300w, https:\/\/tahr.mx\/wp-content\/uploads\/2025\/06\/009_Deluxe_optimized-1024x576.jpg 1024w, https:\/\/tahr.mx\/wp-content\/uploads\/2025\/06\/009_Deluxe_optimized-768x432.jpg 768w, https:\/\/tahr.mx\/wp-content\/uploads\/2025\/06\/009_Deluxe_optimized-1536x864.jpg 1536w, https:\/\/tahr.mx\/wp-content\/uploads\/2025\/06\/009_Deluxe_optimized-2048x1152.jpg 2048w, https:\/\/tahr.mx\/wp-content\/uploads\/2025\/06\/009_Deluxe_optimized-18x10.jpg 18w\" sizes=\"(max-width: 2560px) 100vw, 2560px\" \/>\t\t\t\t\t\t\t\t\t\t\t\t\t\t\t<\/div>\n\t\t\t\t\t<\/div>\n\t\t<\/div>\n\t\t\t\t<div class=\"elementor-column elementor-col-50 elementor-top-column elementor-element elementor-element-ebf2671\" data-id=\"ebf2671\" data-element_type=\"column\">\n\t\t\t<div class=\"elementor-widget-wrap elementor-element-populated\">\n\t\t\t\t\t\t<div class=\"elementor-element elementor-element-ef30ac8 elementor-widget elementor-widget-heading\" data-id=\"ef30ac8\" data-element_type=\"widget\" data-widget_type=\"heading.default\">\n\t\t\t\t\t<h2 class=\"elementor-heading-title elementor-size-default\">Residencial <\/h2>\t\t\t\t<\/div>\n\t\t\t\t<div class=\"elementor-element elementor-element-4656b08 elementor-widget elementor-widget-text-editor\" data-id=\"4656b08\" data-element_type=\"widget\" data-widget_type=\"text-editor.default\">\n\t\t\t\t\t\t\t\t\t<p>Un hogar es un refugio para crear recuerdos preciados y reunirse en un ambiente de confort y buen gusto con quienes m\u00e1s queremos. Nuestros dise\u00f1os se inspiran en el mundo natural para crear entornos lujosos propicios para una experiencia de vida verdaderamente elevada.<\/p>\t\t\t\t\t\t\t\t<\/div>\n\t\t\t\t\t<\/div>\n\t\t<\/div>\n\t\t\t\t\t<\/div>\n\t\t<\/section>\n\t\t\t\t<section class=\"elementor-section elementor-top-section elementor-element elementor-element-ef49cbd elementor-section-boxed elementor-section-height-default elementor-section-height-default\" data-id=\"ef49cbd\" data-element_type=\"section\">\n\t\t\t\t\t\t<div class=\"elementor-container elementor-column-gap-default\">\n\t\t\t\t\t<div class=\"elementor-column elementor-col-50 elementor-top-column elementor-element elementor-element-b9ca17e\" data-id=\"b9ca17e\" data-element_type=\"column\">\n\t\t\t<div class=\"elementor-widget-wrap elementor-element-populated\">\n\t\t\t\t\t\t<section class=\"elementor-section elementor-inner-section elementor-element elementor-element-e30cd96 elementor-section-boxed elementor-section-height-default elementor-section-height-default\" data-id=\"e30cd96\" data-element_type=\"section\">\n\t\t\t\t\t\t<div class=\"elementor-container elementor-column-gap-default\">\n\t\t\t\t\t<div class=\"elementor-column elementor-col-100 elementor-inner-column elementor-element elementor-element-5146c8b\" data-id=\"5146c8b\" data-element_type=\"column\">\n\t\t\t<div class=\"elementor-widget-wrap elementor-element-populated\">\n\t\t\t\t\t\t<div class=\"elementor-element elementor-element-2775c98 elementor-widget elementor-widget-heading\" data-id=\"2775c98\" data-element_type=\"widget\" data-widget_type=\"heading.default\">\n\t\t\t\t\t<p class=\"elementor-heading-title elementor-size-default\">Cultural<\/p>\t\t\t\t<\/div>\n\t\t\t\t<div class=\"elementor-element elementor-element-0890667 elementor-widget elementor-widget-text-editor\" data-id=\"0890667\" data-element_type=\"widget\" data-widget_type=\"text-editor.default\">\n\t\t\t\t\t\t\t\t\t<p>Nuestro equipo ha dise\u00f1ado y creado espacios para instituciones culturales a nivel internacional. El enfoque consiste en crear entornos que mejoren la experiencia del visitante, fomenten un sentido de comunidad y celebren el arte y la historia de la instituci\u00f3n, contribuyendo al tejido cultural de la sociedad.<\/p>\t\t\t\t\t\t\t\t<\/div>\n\t\t\t\t\t<\/div>\n\t\t<\/div>\n\t\t\t\t\t<\/div>\n\t\t<\/section>\n\t\t\t\t\t<\/div>\n\t\t<\/div>\n\t\t\t\t<div class=\"elementor-column elementor-col-50 elementor-top-column elementor-element elementor-element-08556af\" data-id=\"08556af\" data-element_type=\"column\">\n\t\t\t<div class=\"elementor-widget-wrap elementor-element-populated\">\n\t\t\t\t\t\t<div class=\"elementor-element elementor-element-94cf5b7 elementor-widget elementor-widget-image\" data-id=\"94cf5b7\" data-element_type=\"widget\" data-widget_type=\"image.default\">\n\t\t\t\t\t\t\t\t\t\t\t\t\t\t\t<img loading=\"lazy\" decoding=\"async\" width=\"2560\" height=\"1440\" src=\"https:\/\/tahr.mx\/wp-content\/uploads\/2025\/07\/TAHR_News_Cultural_Design_Competition_For_The_New_Museum_of_Architecture_and_Design_Helsinki_02-scaled.jpg\" class=\"attachment-full size-full wp-image-7489\" alt=\"TAHR_News_Cultural_Design_Competition_For_The_New_Museum_of_Architecture_and_Design_Helsinki_02\" srcset=\"https:\/\/tahr.mx\/wp-content\/uploads\/2025\/07\/TAHR_News_Cultural_Design_Competition_For_The_New_Museum_of_Architecture_and_Design_Helsinki_02-scaled.jpg 2560w, https:\/\/tahr.mx\/wp-content\/uploads\/2025\/07\/TAHR_News_Cultural_Design_Competition_For_The_New_Museum_of_Architecture_and_Design_Helsinki_02-300x169.jpg 300w, https:\/\/tahr.mx\/wp-content\/uploads\/2025\/07\/TAHR_News_Cultural_Design_Competition_For_The_New_Museum_of_Architecture_and_Design_Helsinki_02-1024x576.jpg 1024w, https:\/\/tahr.mx\/wp-content\/uploads\/2025\/07\/TAHR_News_Cultural_Design_Competition_For_The_New_Museum_of_Architecture_and_Design_Helsinki_02-768x432.jpg 768w, https:\/\/tahr.mx\/wp-content\/uploads\/2025\/07\/TAHR_News_Cultural_Design_Competition_For_The_New_Museum_of_Architecture_and_Design_Helsinki_02-1536x864.jpg 1536w, https:\/\/tahr.mx\/wp-content\/uploads\/2025\/07\/TAHR_News_Cultural_Design_Competition_For_The_New_Museum_of_Architecture_and_Design_Helsinki_02-2048x1152.jpg 2048w, https:\/\/tahr.mx\/wp-content\/uploads\/2025\/07\/TAHR_News_Cultural_Design_Competition_For_The_New_Museum_of_Architecture_and_Design_Helsinki_02-18x10.jpg 18w\" sizes=\"(max-width: 2560px) 100vw, 2560px\" \/>\t\t\t\t\t\t\t\t\t\t\t\t\t\t\t<\/div>\n\t\t\t\t<div class=\"elementor-element elementor-element-1d31130 elementor-widget__width-auto elementor-absolute elementor-widget elementor-widget-heading\" data-id=\"1d31130\" data-element_type=\"widget\" data-settings=\"{&quot;_position&quot;:&quot;absolute&quot;}\" data-widget_type=\"heading.default\">\n\t\t\t\t\t<h2 class=\"elementor-heading-title elementor-size-default\">.<\/h2>\t\t\t\t<\/div>\n\t\t\t\t\t<\/div>\n\t\t<\/div>\n\t\t\t\t\t<\/div>\n\t\t<\/section>\n\t\t\t\t<section class=\"elementor-section elementor-top-section elementor-element elementor-element-d139900 elementor-reverse-mobile elementor-section-boxed elementor-section-height-default elementor-section-height-default\" data-id=\"d139900\" data-element_type=\"section\">\n\t\t\t\t\t\t<div class=\"elementor-container elementor-column-gap-default\">\n\t\t\t\t\t<div class=\"elementor-column elementor-col-50 elementor-top-column elementor-element elementor-element-c68d179\" data-id=\"c68d179\" data-element_type=\"column\">\n\t\t\t<div class=\"elementor-widget-wrap elementor-element-populated\">\n\t\t\t\t\t\t<div class=\"elementor-element elementor-element-aebd077 elementor-widget elementor-widget-image\" data-id=\"aebd077\" data-element_type=\"widget\" data-widget_type=\"image.default\">\n\t\t\t\t\t\t\t\t\t\t\t\t\t\t\t<img loading=\"lazy\" decoding=\"async\" width=\"2560\" height=\"1438\" src=\"https:\/\/tahr.mx\/wp-content\/uploads\/2023\/12\/DJI_0084-scaled.jpg\" class=\"attachment-full size-full wp-image-2679\" alt=\"TAHR_Hospitality_Zadun_a_Ritz_Carlton_Reserve_Los_Cabos_04.\" srcset=\"https:\/\/tahr.mx\/wp-content\/uploads\/2023\/12\/DJI_0084-scaled.jpg 2560w, https:\/\/tahr.mx\/wp-content\/uploads\/2023\/12\/DJI_0084-300x169.jpg 300w, https:\/\/tahr.mx\/wp-content\/uploads\/2023\/12\/DJI_0084-1024x575.jpg 1024w, https:\/\/tahr.mx\/wp-content\/uploads\/2023\/12\/DJI_0084-768x432.jpg 768w, https:\/\/tahr.mx\/wp-content\/uploads\/2023\/12\/DJI_0084-1536x863.jpg 1536w, https:\/\/tahr.mx\/wp-content\/uploads\/2023\/12\/DJI_0084-2048x1151.jpg 2048w\" sizes=\"(max-width: 2560px) 100vw, 2560px\" \/>\t\t\t\t\t\t\t\t\t\t\t\t\t\t\t<\/div>\n\t\t\t\t\t<\/div>\n\t\t<\/div>\n\t\t\t\t<div class=\"elementor-column elementor-col-50 elementor-top-column elementor-element elementor-element-850b7bd\" data-id=\"850b7bd\" data-element_type=\"column\">\n\t\t\t<div class=\"elementor-widget-wrap elementor-element-populated\">\n\t\t\t\t\t\t<div class=\"elementor-element elementor-element-787646a elementor-widget elementor-widget-heading\" data-id=\"787646a\" data-element_type=\"widget\" data-widget_type=\"heading.default\">\n\t\t\t\t\t<h2 class=\"elementor-heading-title elementor-size-default\">Planificaci\u00f3n Urbana<\/h2>\t\t\t\t<\/div>\n\t\t\t\t<div class=\"elementor-element elementor-element-a8f0cca elementor-widget elementor-widget-text-editor\" data-id=\"a8f0cca\" data-element_type=\"widget\" data-widget_type=\"text-editor.default\">\n\t\t\t\t\t\t\t\t\t<p>Visualizamos ciudades abiertas e inclusivas centradas en el espacio p\u00fablico y el paisaje que las rodea. Nuestro objetivo es crear entornos urbanos vibrantes, habitables e inclusivos que contribuyan al bienestar de las personas que viven y trabajan en ellos.<\/p>\t\t\t\t\t\t\t\t<\/div>\n\t\t\t\t\t<\/div>\n\t\t<\/div>\n\t\t\t\t\t<\/div>\n\t\t<\/section>\n\t\t\t\t<section class=\"elementor-section elementor-top-section elementor-element elementor-element-902a2bb elementor-section-boxed elementor-section-height-default elementor-section-height-default\" data-id=\"902a2bb\" data-element_type=\"section\">\n\t\t\t\t\t\t<div class=\"elementor-container elementor-column-gap-default\">\n\t\t\t\t\t<div class=\"elementor-column elementor-col-50 elementor-top-column elementor-element elementor-element-0e4e27e\" data-id=\"0e4e27e\" data-element_type=\"column\">\n\t\t\t<div class=\"elementor-widget-wrap elementor-element-populated\">\n\t\t\t\t\t\t<section class=\"elementor-section elementor-inner-section elementor-element elementor-element-3ec5a34 elementor-section-boxed elementor-section-height-default elementor-section-height-default\" data-id=\"3ec5a34\" data-element_type=\"section\">\n\t\t\t\t\t\t<div class=\"elementor-container elementor-column-gap-default\">\n\t\t\t\t\t<div class=\"elementor-column elementor-col-100 elementor-inner-column elementor-element elementor-element-d4bb6bc\" data-id=\"d4bb6bc\" data-element_type=\"column\">\n\t\t\t<div class=\"elementor-widget-wrap elementor-element-populated\">\n\t\t\t\t\t\t<div class=\"elementor-element elementor-element-792a672 elementor-widget elementor-widget-heading\" data-id=\"792a672\" data-element_type=\"widget\" data-widget_type=\"heading.default\">\n\t\t\t\t\t<p class=\"elementor-heading-title elementor-size-default\">Espacios comerciales<\/p>\t\t\t\t<\/div>\n\t\t\t\t<div class=\"elementor-element elementor-element-030e355 elementor-widget elementor-widget-text-editor\" data-id=\"030e355\" data-element_type=\"widget\" data-widget_type=\"text-editor.default\">\n\t\t\t\t\t\t\t\t\t<p>Dise\u00f1o elegante que evoca un genuino sentido de inter\u00e9s y asombro. Estos espacios atemporales cuentan con un ensamblaje impecable de materiales que enriquecen cada espacio.<\/p>\t\t\t\t\t\t\t\t<\/div>\n\t\t\t\t\t<\/div>\n\t\t<\/div>\n\t\t\t\t\t<\/div>\n\t\t<\/section>\n\t\t\t\t\t<\/div>\n\t\t<\/div>\n\t\t\t\t<div class=\"elementor-column elementor-col-50 elementor-top-column elementor-element elementor-element-5759065\" data-id=\"5759065\" data-element_type=\"column\">\n\t\t\t<div class=\"elementor-widget-wrap elementor-element-populated\">\n\t\t\t\t\t\t<div class=\"elementor-element elementor-element-b5a9b1c elementor-widget elementor-widget-image\" data-id=\"b5a9b1c\" data-element_type=\"widget\" data-widget_type=\"image.default\">\n\t\t\t\t\t\t\t\t\t\t\t\t\t\t\t<img loading=\"lazy\" decoding=\"async\" width=\"600\" height=\"400\" src=\"https:\/\/tahr.mx\/wp-content\/uploads\/2025\/07\/TAHR_Interiors_Corporativo_y_Showroom_Electrolux_01.jpg\" class=\"attachment-full size-full wp-image-7426\" alt=\"TAHR_Interiors_Corporativo_y_Showroom.jpg_Electrolux_01\" srcset=\"https:\/\/tahr.mx\/wp-content\/uploads\/2025\/07\/TAHR_Interiors_Corporativo_y_Showroom_Electrolux_01.jpg 600w, https:\/\/tahr.mx\/wp-content\/uploads\/2025\/07\/TAHR_Interiors_Corporativo_y_Showroom_Electrolux_01-300x200.jpg 300w, https:\/\/tahr.mx\/wp-content\/uploads\/2025\/07\/TAHR_Interiors_Corporativo_y_Showroom_Electrolux_01-18x12.jpg 18w\" sizes=\"(max-width: 600px) 100vw, 600px\" \/>\t\t\t\t\t\t\t\t\t\t\t\t\t\t\t<\/div>\n\t\t\t\t<div class=\"elementor-element elementor-element-fde4423 elementor-widget__width-auto elementor-absolute elementor-widget elementor-widget-heading\" data-id=\"fde4423\" data-element_type=\"widget\" data-settings=\"{&quot;_position&quot;:&quot;absolute&quot;}\" data-widget_type=\"heading.default\">\n\t\t\t\t\t<h2 class=\"elementor-heading-title elementor-size-default\">.<\/h2>\t\t\t\t<\/div>\n\t\t\t\t\t<\/div>\n\t\t<\/div>\n\t\t\t\t\t<\/div>\n\t\t<\/section>\n\t\t\t\t<section class=\"elementor-section elementor-top-section elementor-element elementor-element-b00bcd2 elementor-reverse-mobile elementor-section-boxed elementor-section-height-default elementor-section-height-default\" data-id=\"b00bcd2\" data-element_type=\"section\">\n\t\t\t\t\t\t<div class=\"elementor-container elementor-column-gap-default\">\n\t\t\t\t\t<div class=\"elementor-column elementor-col-50 elementor-top-column elementor-element elementor-element-0cf8ff0\" data-id=\"0cf8ff0\" data-element_type=\"column\">\n\t\t\t<div class=\"elementor-widget-wrap elementor-element-populated\">\n\t\t\t\t\t\t<div class=\"elementor-element elementor-element-7c5efd8 elementor-widget elementor-widget-image\" data-id=\"7c5efd8\" data-element_type=\"widget\" data-widget_type=\"image.default\">\n\t\t\t\t\t\t\t\t\t\t\t\t\t\t\t<img loading=\"lazy\" decoding=\"async\" width=\"2560\" height=\"1707\" src=\"https:\/\/tahr.mx\/wp-content\/uploads\/2025\/06\/Foto-principal-1-scaled.jpg\" class=\"attachment-full size-full wp-image-6822\" alt=\"TAHR_Interiors_Club_de_Raquetas_Bosques_Fase_3_01.\" srcset=\"https:\/\/tahr.mx\/wp-content\/uploads\/2025\/06\/Foto-principal-1-scaled.jpg 2560w, https:\/\/tahr.mx\/wp-content\/uploads\/2025\/06\/Foto-principal-1-300x200.jpg 300w, https:\/\/tahr.mx\/wp-content\/uploads\/2025\/06\/Foto-principal-1-1024x683.jpg 1024w, https:\/\/tahr.mx\/wp-content\/uploads\/2025\/06\/Foto-principal-1-768x512.jpg 768w, https:\/\/tahr.mx\/wp-content\/uploads\/2025\/06\/Foto-principal-1-1536x1024.jpg 1536w, https:\/\/tahr.mx\/wp-content\/uploads\/2025\/06\/Foto-principal-1-2048x1366.jpg 2048w, https:\/\/tahr.mx\/wp-content\/uploads\/2025\/06\/Foto-principal-1-18x12.jpg 18w\" sizes=\"(max-width: 2560px) 100vw, 2560px\" \/>\t\t\t\t\t\t\t\t\t\t\t\t\t\t\t<\/div>\n\t\t\t\t\t<\/div>\n\t\t<\/div>\n\t\t\t\t<div class=\"elementor-column elementor-col-50 elementor-top-column elementor-element elementor-element-b4fd5f8\" data-id=\"b4fd5f8\" data-element_type=\"column\">\n\t\t\t<div class=\"elementor-widget-wrap elementor-element-populated\">\n\t\t\t\t\t\t<div class=\"elementor-element elementor-element-acd403f elementor-widget elementor-widget-text-editor\" data-id=\"acd403f\" data-element_type=\"widget\" data-widget_type=\"text-editor.default\">\n\t\t\t\t\t\t\t\t\t<p>Nuestros innovadores edificios corporativos responden a las necesidades de la fuerza laboral moderna. Entendemos que los espacios de oficina est\u00e1n evolucionando, por lo que nos esforzamos por dise\u00f1ar atm\u00f3sferas que promuevan la productividad, la colaboraci\u00f3n y el equilibrio.<br \/>Creamos lugares flexibles y pensados para proporcionar un ambiente estimulante y ofrecer una experiencia de trabajo superior.<\/p>\t\t\t\t\t\t\t\t<\/div>\n\t\t\t\t\t<\/div>\n\t\t<\/div>\n\t\t\t\t\t<\/div>\n\t\t<\/section>\n\t\t\t\t<section class=\"elementor-section elementor-top-section elementor-element elementor-element-11258da elementor-section-boxed elementor-section-height-default elementor-section-height-default\" data-id=\"11258da\" data-element_type=\"section\">\n\t\t\t\t\t\t<div class=\"elementor-container elementor-column-gap-default\">\n\t\t\t\t\t<div class=\"elementor-column elementor-col-50 elementor-top-column elementor-element elementor-element-73ee8f4\" data-id=\"73ee8f4\" data-element_type=\"column\">\n\t\t\t<div class=\"elementor-widget-wrap elementor-element-populated\">\n\t\t\t\t\t\t<section class=\"elementor-section elementor-inner-section elementor-element elementor-element-7dabd03 elementor-section-boxed elementor-section-height-default elementor-section-height-default\" data-id=\"7dabd03\" data-element_type=\"section\">\n\t\t\t\t\t\t<div class=\"elementor-container elementor-column-gap-default\">\n\t\t\t\t\t<div class=\"elementor-column elementor-col-100 elementor-inner-column elementor-element elementor-element-d30dbbb\" data-id=\"d30dbbb\" data-element_type=\"column\">\n\t\t\t<div class=\"elementor-widget-wrap elementor-element-populated\">\n\t\t\t\t\t\t<div class=\"elementor-element elementor-element-3ad8732 elementor-widget elementor-widget-heading\" data-id=\"3ad8732\" data-element_type=\"widget\" data-widget_type=\"heading.default\">\n\t\t\t\t\t<p class=\"elementor-heading-title elementor-size-default\">Servicios de adquisici\u00f3n<\/p>\t\t\t\t<\/div>\n\t\t\t\t<div class=\"elementor-element elementor-element-38b8c3a elementor-widget elementor-widget-text-editor\" data-id=\"38b8c3a\" data-element_type=\"widget\" data-widget_type=\"text-editor.default\">\n\t\t\t\t\t\t\t\t\t<p>Como agentes de compras, representamos a los clientes en la adquisici\u00f3n de FF&amp;E\/OS&amp;E, revisando las especificaciones del proyecto y estableciendo presupuestos con clientes y dise\u00f1adores.<\/p>\t\t\t\t\t\t\t\t<\/div>\n\t\t\t\t\t<\/div>\n\t\t<\/div>\n\t\t\t\t\t<\/div>\n\t\t<\/section>\n\t\t\t\t\t<\/div>\n\t\t<\/div>\n\t\t\t\t<div class=\"elementor-column elementor-col-50 elementor-top-column elementor-element elementor-element-67a334c\" data-id=\"67a334c\" data-element_type=\"column\">\n\t\t\t<div class=\"elementor-widget-wrap elementor-element-populated\">\n\t\t\t\t\t\t<div class=\"elementor-element elementor-element-93a3fb9 elementor-widget elementor-widget-image\" data-id=\"93a3fb9\" data-element_type=\"widget\" data-widget_type=\"image.default\">\n\t\t\t\t\t\t\t\t\t\t\t\t\t\t\t<img loading=\"lazy\" decoding=\"async\" width=\"2560\" height=\"1920\" src=\"https:\/\/tahr.mx\/wp-content\/uploads\/2025\/07\/TAHR_West_Enclave_a_Ritz_Carlton_Reserve_Los_Cabos_01-scaled.jpg\" class=\"attachment-full size-full wp-image-8094\" alt=\"TAHR_West_Enclave_a_Ritz_Carlton_Reserve_Los_Cabos_01\" srcset=\"https:\/\/tahr.mx\/wp-content\/uploads\/2025\/07\/TAHR_West_Enclave_a_Ritz_Carlton_Reserve_Los_Cabos_01-scaled.jpg 2560w, https:\/\/tahr.mx\/wp-content\/uploads\/2025\/07\/TAHR_West_Enclave_a_Ritz_Carlton_Reserve_Los_Cabos_01-300x225.jpg 300w, https:\/\/tahr.mx\/wp-content\/uploads\/2025\/07\/TAHR_West_Enclave_a_Ritz_Carlton_Reserve_Los_Cabos_01-1024x768.jpg 1024w, https:\/\/tahr.mx\/wp-content\/uploads\/2025\/07\/TAHR_West_Enclave_a_Ritz_Carlton_Reserve_Los_Cabos_01-768x576.jpg 768w, https:\/\/tahr.mx\/wp-content\/uploads\/2025\/07\/TAHR_West_Enclave_a_Ritz_Carlton_Reserve_Los_Cabos_01-1536x1152.jpg 1536w, https:\/\/tahr.mx\/wp-content\/uploads\/2025\/07\/TAHR_West_Enclave_a_Ritz_Carlton_Reserve_Los_Cabos_01-2048x1536.jpg 2048w, https:\/\/tahr.mx\/wp-content\/uploads\/2025\/07\/TAHR_West_Enclave_a_Ritz_Carlton_Reserve_Los_Cabos_01-16x12.jpg 16w\" sizes=\"(max-width: 2560px) 100vw, 2560px\" \/>\t\t\t\t\t\t\t\t\t\t\t\t\t\t\t<\/div>\n\t\t\t\t<div class=\"elementor-element elementor-element-33eb718 elementor-widget__width-auto elementor-absolute elementor-widget elementor-widget-heading\" data-id=\"33eb718\" data-element_type=\"widget\" data-settings=\"{&quot;_position&quot;:&quot;absolute&quot;}\" data-widget_type=\"heading.default\">\n\t\t\t\t\t<h2 class=\"elementor-heading-title elementor-size-default\">.<\/h2>\t\t\t\t<\/div>\n\t\t\t\t\t<\/div>\n\t\t<\/div>\n\t\t\t\t\t<\/div>\n\t\t<\/section>\n\t\t\t\t<section class=\"elementor-section elementor-top-section elementor-element elementor-element-800df9d elementor-reverse-mobile elementor-section-boxed elementor-section-height-default elementor-section-height-default\" data-id=\"800df9d\" data-element_type=\"section\">\n\t\t\t\t\t\t<div class=\"elementor-container elementor-column-gap-default\">\n\t\t\t\t\t<div class=\"elementor-column elementor-col-50 elementor-top-column elementor-element elementor-element-22aa703\" data-id=\"22aa703\" data-element_type=\"column\">\n\t\t\t<div class=\"elementor-widget-wrap elementor-element-populated\">\n\t\t\t\t\t\t<div class=\"elementor-element elementor-element-25be1d0 elementor-widget elementor-widget-image\" data-id=\"25be1d0\" data-element_type=\"widget\" data-widget_type=\"image.default\">\n\t\t\t\t\t\t\t\t\t\t\t\t\t\t\t<img loading=\"lazy\" decoding=\"async\" width=\"2560\" height=\"1707\" src=\"https:\/\/tahr.mx\/wp-content\/uploads\/2025\/08\/TAHR_Residential_Casa_Mapache_Valle_de_Bravo_01-1-scaled.jpg\" class=\"attachment-full size-full wp-image-9272\" alt=\"TAHR_Residential_Casa_Mapache_Valle_de_Bravo\" srcset=\"https:\/\/tahr.mx\/wp-content\/uploads\/2025\/08\/TAHR_Residential_Casa_Mapache_Valle_de_Bravo_01-1-scaled.jpg 2560w, https:\/\/tahr.mx\/wp-content\/uploads\/2025\/08\/TAHR_Residential_Casa_Mapache_Valle_de_Bravo_01-1-300x200.jpg 300w, https:\/\/tahr.mx\/wp-content\/uploads\/2025\/08\/TAHR_Residential_Casa_Mapache_Valle_de_Bravo_01-1-1024x683.jpg 1024w, https:\/\/tahr.mx\/wp-content\/uploads\/2025\/08\/TAHR_Residential_Casa_Mapache_Valle_de_Bravo_01-1-768x512.jpg 768w, https:\/\/tahr.mx\/wp-content\/uploads\/2025\/08\/TAHR_Residential_Casa_Mapache_Valle_de_Bravo_01-1-1536x1024.jpg 1536w, https:\/\/tahr.mx\/wp-content\/uploads\/2025\/08\/TAHR_Residential_Casa_Mapache_Valle_de_Bravo_01-1-2048x1365.jpg 2048w, https:\/\/tahr.mx\/wp-content\/uploads\/2025\/08\/TAHR_Residential_Casa_Mapache_Valle_de_Bravo_01-1-18x12.jpg 18w\" sizes=\"(max-width: 2560px) 100vw, 2560px\" \/>\t\t\t\t\t\t\t\t\t\t\t\t\t\t\t<\/div>\n\t\t\t\t\t<\/div>\n\t\t<\/div>\n\t\t\t\t<div class=\"elementor-column elementor-col-50 elementor-top-column elementor-element elementor-element-101a242\" data-id=\"101a242\" data-element_type=\"column\">\n\t\t\t<div class=\"elementor-widget-wrap elementor-element-populated\">\n\t\t\t\t\t\t<div class=\"elementor-element elementor-element-d8ea95d elementor-widget elementor-widget-text-editor\" data-id=\"d8ea95d\" data-element_type=\"widget\" data-widget_type=\"text-editor.default\">\n\t\t\t\t\t\t\t\t\t<p>Realizamos ingenier\u00eda de valor, exploramos opciones, negociamos con proveedores y gestionamos compras para garantizar la calidad y los plazos de producci\u00f3n. Tambi\u00e9n supervisamos el transporte, el almacenamiento, el montaje y el seguro. Finalmente, creamos una carpeta de documentaci\u00f3n, manuales de mantenimiento, garant\u00edas, etc.<\/p>\t\t\t\t\t\t\t\t<\/div>\n\t\t\t\t\t<\/div>\n\t\t<\/div>\n\t\t\t\t\t<\/div>\n\t\t<\/section>\n\t\t\t\t<section class=\"elementor-section elementor-top-section elementor-element elementor-element-b6ec4cd elementor-section-boxed elementor-section-height-default elementor-section-height-default\" data-id=\"b6ec4cd\" data-element_type=\"section\">\n\t\t\t\t\t\t<div class=\"elementor-container elementor-column-gap-default\">\n\t\t\t\t\t<div class=\"elementor-column elementor-col-100 elementor-top-column elementor-element elementor-element-059eda4\" data-id=\"059eda4\" data-element_type=\"column\">\n\t\t\t<div class=\"elementor-widget-wrap elementor-element-populated\">\n\t\t\t\t\t\t<div class=\"elementor-element elementor-element-e28630c elementor-widget elementor-widget-spacer\" data-id=\"e28630c\" data-element_type=\"widget\" data-widget_type=\"spacer.default\">\n\t\t\t\t\t\t\t<div class=\"elementor-spacer\">\n\t\t\t<div class=\"elementor-spacer-inner\"><\/div>\n\t\t<\/div>\n\t\t\t\t\t\t<\/div>\n\t\t\t\t\t<\/div>\n\t\t<\/div>\n\t\t\t\t\t<\/div>\n\t\t<\/section>\n\t\t\t\t<\/div>",
        "protected": false
    },
    "excerpt": {
        "rendered": "<p>Servicios Bienestar y pertenencia a trav\u00e9s del dise\u00f1o . Hospitalidad Nos enorgullece dise\u00f1ar espacios de hoteles amplios, c\u00f3modos y funcionales.\u00a0\u00a0 Desde hoteles y resorts hasta restaurantes y otros espacios similares, nuestro enfoque se centra en crear experiencias memorables y agradables\u00a0 para los hu\u00e9spedes, a la vez que rentables para los propietarios.\u00a0 Desde viviendas unifamiliares hasta [&hellip;]<\/p>",
        "protected": false
    },
    "author": 4,
    "featured_media": 0,
    "parent": 0,
    "menu_order": 0,
    "comment_status": "closed",
    "ping_status": "closed",
    "template": "",
    "meta": {
        "footnotes": ""
    },
    "class_list": [
        "post-8055",
        "page",
        "type-page",
        "status-publish",
        "hentry"
    ],
    "_links": {
        "self": [
            {
                "href": "https:\/\/tahr.mx\/es\/wp-json\/wp\/v2\/pages\/8055",
                "targetHints": {
                    "allow": [
                        "GET"
                    ]
                }
            }
        ],
        "collection": [
            {
                "href": "https:\/\/tahr.mx\/es\/wp-json\/wp\/v2\/pages"
            }
        ],
        "about": [
            {
                "href": "https:\/\/tahr.mx\/es\/wp-json\/wp\/v2\/types\/page"
            }
        ],
        "author": [
            {
                "embeddable": true,
                "href": "https:\/\/tahr.mx\/es\/wp-json\/wp\/v2\/users\/4"
            }
        ],
        "replies": [
            {
                "embeddable": true,
                "href": "https:\/\/tahr.mx\/es\/wp-json\/wp\/v2\/comments?post=8055"
            }
        ],
        "version-history": [
            {
                "count": 100,
                "href": "https:\/\/tahr.mx\/es\/wp-json\/wp\/v2\/pages\/8055\/revisions"
            }
        ],
        "predecessor-version": [
            {
                "id": 9383,
                "href": "https:\/\/tahr.mx\/es\/wp-json\/wp\/v2\/pages\/8055\/revisions\/9383"
            }
        ],
        "wp:attachment": [
            {
                "href": "https:\/\/tahr.mx\/es\/wp-json\/wp\/v2\/media?parent=8055"
            }
        ],
        "curies": [
            {
                "name": "wp",
                "href": "https:\/\/api.w.org\/{rel}",
                "templated": true
            }
        ]
    }
}