{
    "id": 746,
    "date": "2023-11-02T20:41:59",
    "date_gmt": "2023-11-03T02:41:59",
    "guid": {
        "rendered": "https:\/\/tahr.mx\/?page_id=746"
    },
    "modified": "2025-10-21T20:07:42",
    "modified_gmt": "2025-10-22T02:07:42",
    "slug": "team",
    "status": "publish",
    "type": "page",
    "link": "https:\/\/tahr.mx\/es\/team\/",
    "title": {
        "rendered": "TEAM"
    },
    "content": {
        "rendered": "<div data-elementor-type=\"wp-page\" data-elementor-id=\"746\" class=\"elementor elementor-746\" data-elementor-post-type=\"page\">\n\t\t\t\t\t\t<section class=\"elementor-section elementor-top-section elementor-element elementor-element-a68f817 elementor-section-height-min-height elementor-section-full_width elementor-section-content-middle elementor-section-height-default elementor-section-items-middle\" data-id=\"a68f817\" data-element_type=\"section\" data-settings=\"{&quot;background_background&quot;:&quot;classic&quot;}\">\n\t\t\t\t\t\t\t<div class=\"elementor-background-overlay\"><\/div>\n\t\t\t\t\t\t\t<div class=\"elementor-container elementor-column-gap-default\">\n\t\t\t\t\t<div class=\"elementor-column elementor-col-100 elementor-top-column elementor-element elementor-element-69b4c4f\" data-id=\"69b4c4f\" data-element_type=\"column\">\n\t\t\t<div class=\"elementor-widget-wrap elementor-element-populated\">\n\t\t\t\t\t\t<div class=\"elementor-element elementor-element-0aab879 elementor-widget elementor-widget-spacer\" data-id=\"0aab879\" data-element_type=\"widget\" data-widget_type=\"spacer.default\">\n\t\t\t\t\t\t\t<div class=\"elementor-spacer\">\n\t\t\t<div class=\"elementor-spacer-inner\"><\/div>\n\t\t<\/div>\n\t\t\t\t\t\t<\/div>\n\t\t\t\t\t<\/div>\n\t\t<\/div>\n\t\t\t\t\t<\/div>\n\t\t<\/section>\n\t\t\t\t<section class=\"elementor-section elementor-top-section elementor-element elementor-element-cfc32ab elementor-section-boxed elementor-section-height-default elementor-section-height-default\" data-id=\"cfc32ab\" data-element_type=\"section\">\n\t\t\t\t\t\t<div class=\"elementor-container elementor-column-gap-default\">\n\t\t\t\t\t<div class=\"elementor-column elementor-col-100 elementor-top-column elementor-element elementor-element-52ed588\" data-id=\"52ed588\" data-element_type=\"column\">\n\t\t\t<div class=\"elementor-widget-wrap elementor-element-populated\">\n\t\t\t\t\t\t<div class=\"elementor-element elementor-element-0762825 elementor-widget elementor-widget-spacer\" data-id=\"0762825\" data-element_type=\"widget\" data-widget_type=\"spacer.default\">\n\t\t\t\t\t\t\t<div class=\"elementor-spacer\">\n\t\t\t<div class=\"elementor-spacer-inner\"><\/div>\n\t\t<\/div>\n\t\t\t\t\t\t<\/div>\n\t\t\t\t<div class=\"elementor-element elementor-element-b6dcc27 e-n-tabs-none elementor-widget elementor-widget-n-tabs\" data-id=\"b6dcc27\" data-element_type=\"widget\" data-settings=\"{&quot;tabs_justify_horizontal&quot;:&quot;start&quot;,&quot;horizontal_scroll&quot;:&quot;enable&quot;}\" data-widget_type=\"nested-tabs.default\">\n\t\t\t\t\t\t\t<div class=\"e-n-tabs\" data-widget-number=\"191745063\" aria-label=\"Pesta\u00f1as. Abre elementos con Intro o Espacio, ci\u00e9rralos con Escape y navega con las fechas.\">\n\t\t\t<div class=\"e-n-tabs-heading\" role=\"tablist\">\n\t\t\t\t\t<button id=\"taller\" class=\"e-n-tab-title\" aria-selected=\"true\" data-tab-index=\"1\" role=\"tab\" tabindex=\"0\" aria-controls=\"e-n-tab-content-1917450631\" style=\"--n-tabs-title-order: 1;\">\n\t\t\t\t\t\t<span class=\"e-n-tab-title-text\">\n\t\t\t\tTaller\t\t\t<\/span>\n\t\t<\/button>\n\t\t\t\t<button id=\"legado\" class=\"e-n-tab-title\" aria-selected=\"false\" data-tab-index=\"2\" role=\"tab\" tabindex=\"-1\" aria-controls=\"e-n-tab-content-1917450632\" style=\"--n-tabs-title-order: 2;\">\n\t\t\t\t\t\t<span class=\"e-n-tab-title-text\">\n\t\t\t\tLegado\t\t\t<\/span>\n\t\t<\/button>\n\t\t\t\t\t<\/div>\n\t\t\t<div class=\"e-n-tabs-content\">\n\t\t\t\t<div id=\"e-n-tab-content-1917450631\" role=\"tabpanel\" aria-labelledby=\"taller\" data-tab-index=\"1\" style=\"--n-tabs-title-order: 1;\" class=\"e-active elementor-element elementor-element-89d1046 e-con-full e-flex e-con e-child\" data-id=\"89d1046\" data-element_type=\"container\">\n\t\t<div class=\"elementor-element elementor-element-cadc083 e-con-full e-flex e-con e-child\" data-id=\"cadc083\" data-element_type=\"container\">\n\t\t<div class=\"elementor-element elementor-element-765b5c6 e-con-full e-flex e-con e-child\" data-id=\"765b5c6\" data-element_type=\"container\">\n\t\t\t\t<div class=\"elementor-element elementor-element-6750dc9 elementor-widget elementor-widget-heading\" data-id=\"6750dc9\" data-element_type=\"widget\" data-widget_type=\"heading.default\">\n\t\t\t\t\t<h2 class=\"elementor-heading-title elementor-size-default\">Asesores de confianza con \nun gusto impecable<\/h2>\t\t\t\t<\/div>\n\t\t\t\t<div class=\"elementor-element elementor-element-a64daae elementor-widget elementor-widget-spacer\" data-id=\"a64daae\" data-element_type=\"widget\" data-widget_type=\"spacer.default\">\n\t\t\t\t\t\t\t<div class=\"elementor-spacer\">\n\t\t\t<div class=\"elementor-spacer-inner\"><\/div>\n\t\t<\/div>\n\t\t\t\t\t\t<\/div>\n\t\t\t\t<\/div>\n\t\t<div class=\"elementor-element elementor-element-8ab012c e-con-full e-flex e-con e-child\" data-id=\"8ab012c\" data-element_type=\"container\">\n\t\t\t\t<div class=\"elementor-element elementor-element-29d48aa elementor-widget elementor-widget-heading\" data-id=\"29d48aa\" data-element_type=\"widget\" data-widget_type=\"heading.default\">\n\t\t\t\t\t<p class=\"elementor-heading-title elementor-size-default\">Nos apasiona impulsar una experiencia sana, inspiradora y ben\u00e9fica para nuestros clientes y nuestros colaboradores<\/p>\t\t\t\t<\/div>\n\t\t\t\t<div class=\"elementor-element elementor-element-3ae3dd5 elementor-widget elementor-widget-text-editor\" data-id=\"3ae3dd5\" data-element_type=\"widget\" data-widget_type=\"text-editor.default\">\n\t\t\t\t\t\t\t\t\t<p>Es por eso que fomentamos el intercambio de ideas, incentivamos la continua capacitaci\u00f3n, construimos un sistema de valores compartidos y alentamos una cultura unificada en la compa\u00f1\u00eda. Asimismo, trabajamos \u00e1gilmente y ofrecemos un servicio c\u00e1lido y personal a nuestros clientes en cada etapa de la colaboraci\u00f3n.<\/p>\t\t\t\t\t\t\t\t<\/div>\n\t\t\t\t<\/div>\n\t\t\t\t<\/div>\n\t\t<div class=\"elementor-element elementor-element-712305a e-con-full e-flex e-con e-child\" data-id=\"712305a\" data-element_type=\"container\">\n\t\t<div class=\"elementor-element elementor-element-e536cc1 e-con-full e-flex e-con e-child\" data-id=\"e536cc1\" data-element_type=\"container\">\n\t\t\t\t<div class=\"elementor-element elementor-element-d888783 elementor-widget elementor-widget-image\" data-id=\"d888783\" data-element_type=\"widget\" data-widget_type=\"image.default\">\n\t\t\t\t\t\t\t\t\t\t\t\t\t\t\t<img fetchpriority=\"high\" decoding=\"async\" width=\"798\" height=\"1060\" src=\"https:\/\/tahr.mx\/wp-content\/uploads\/2023\/11\/TAHR-RETRATOS-PABLO-BLASCO.jpg\" class=\"attachment-full size-full wp-image-1324\" alt=\"TAHR_Retratos_Pablo_Blasco\" srcset=\"https:\/\/tahr.mx\/wp-content\/uploads\/2023\/11\/TAHR-RETRATOS-PABLO-BLASCO.jpg 798w, https:\/\/tahr.mx\/wp-content\/uploads\/2023\/11\/TAHR-RETRATOS-PABLO-BLASCO-226x300.jpg 226w, https:\/\/tahr.mx\/wp-content\/uploads\/2023\/11\/TAHR-RETRATOS-PABLO-BLASCO-771x1024.jpg 771w, https:\/\/tahr.mx\/wp-content\/uploads\/2023\/11\/TAHR-RETRATOS-PABLO-BLASCO-768x1020.jpg 768w\" sizes=\"(max-width: 798px) 100vw, 798px\" \/>\t\t\t\t\t\t\t\t\t\t\t\t\t\t\t<\/div>\n\t\t\t\t<div class=\"elementor-element elementor-element-03fa946 elementor-widget elementor-widget-heading\" data-id=\"03fa946\" data-element_type=\"widget\" data-widget_type=\"heading.default\">\n\t\t\t\t\t<h2 class=\"elementor-heading-title elementor-size-default\">Pablo Blasco Hern\u00e1ndez<\/h2>\t\t\t\t<\/div>\n\t\t\t\t<div class=\"elementor-element elementor-element-d1df6f0 elementor-widget elementor-widget-heading\" data-id=\"d1df6f0\" data-element_type=\"widget\" data-widget_type=\"heading.default\">\n\t\t\t\t\t<h2 class=\"elementor-heading-title elementor-size-default\">Director general<\/h2>\t\t\t\t<\/div>\n\t\t\t\t<div class=\"elementor-element elementor-element-bf11327 elementor-widget elementor-widget-text-editor\" data-id=\"bf11327\" data-element_type=\"widget\" data-widget_type=\"text-editor.default\">\n\t\t\t\t\t\t\t\t\t<p>Nacido en la Ciudad de M\u00e9xico. Arquitecto de la Universidad LaSalle se uni\u00f3 a Abax en 1997. Despu\u00e9s de continuar su carrera en Kaplan McLaughin Diaz (KMD), una firma de arquitectura con sede en San Francisco, se reincorpora a Abax como Director de proyectos hoteleros, residenciales y comerciales. Actualmente es Gerente General de la firma, enfoc\u00e1ndose en atender a los desarrolladores para satisfacer las necesidades espec\u00edficas de cada proyecto a trav\u00e9s de una visi\u00f3n moderna con alta calidad arquitect\u00f3nica.<\/p>\t\t\t\t\t\t\t\t<\/div>\n\t\t\t\t<div class=\"elementor-element elementor-element-41e285b elementor-widget elementor-widget-text-editor\" data-id=\"41e285b\" data-element_type=\"widget\" data-widget_type=\"text-editor.default\">\n\t\t\t\t\t\t\t\t\t<p><em>Licenciatura en Arquitectura, Universidad La Salle, Ciudad de M\u00e9xico.<br \/>MBA, ISEB, Espa\u00f1a.<\/em><\/p><p><em>Master en Direcci\u00f3n Hotelera y Establecimientos Tur\u00edsticos, ISEB,<\/em><br \/><em>Espa\u00f1a<\/em><\/p>\t\t\t\t\t\t\t\t<\/div>\n\t\t\t\t<\/div>\n\t\t<div class=\"elementor-element elementor-element-abfcb0b e-con-full e-flex e-con e-child\" data-id=\"abfcb0b\" data-element_type=\"container\">\n\t\t\t\t<div class=\"elementor-element elementor-element-afb3d8c elementor-widget elementor-widget-image\" data-id=\"afb3d8c\" data-element_type=\"widget\" data-widget_type=\"image.default\">\n\t\t\t\t\t\t\t\t\t\t\t\t\t\t\t<img decoding=\"async\" width=\"798\" height=\"1060\" src=\"https:\/\/tahr.mx\/wp-content\/uploads\/2023\/11\/TAHR-RETRATOS-JESUS-FERNANDEZ.jpg\" class=\"attachment-full size-full wp-image-1325\" alt=\"TAHR_Retratos_Jes\u00fas_Fern\u00e1ndez\" srcset=\"https:\/\/tahr.mx\/wp-content\/uploads\/2023\/11\/TAHR-RETRATOS-JESUS-FERNANDEZ.jpg 798w, https:\/\/tahr.mx\/wp-content\/uploads\/2023\/11\/TAHR-RETRATOS-JESUS-FERNANDEZ-226x300.jpg 226w, https:\/\/tahr.mx\/wp-content\/uploads\/2023\/11\/TAHR-RETRATOS-JESUS-FERNANDEZ-771x1024.jpg 771w, https:\/\/tahr.mx\/wp-content\/uploads\/2023\/11\/TAHR-RETRATOS-JESUS-FERNANDEZ-768x1020.jpg 768w\" sizes=\"(max-width: 798px) 100vw, 798px\" \/>\t\t\t\t\t\t\t\t\t\t\t\t\t\t\t<\/div>\n\t\t\t\t<div class=\"elementor-element elementor-element-65e5962 elementor-widget elementor-widget-heading\" data-id=\"65e5962\" data-element_type=\"widget\" data-widget_type=\"heading.default\">\n\t\t\t\t\t<h2 class=\"elementor-heading-title elementor-size-default\">Jes\u00fas Fern\u00e1ndez Soto<\/h2>\t\t\t\t<\/div>\n\t\t\t\t<div class=\"elementor-element elementor-element-69b6ca7 elementor-widget elementor-widget-heading\" data-id=\"69b6ca7\" data-element_type=\"widget\" data-widget_type=\"heading.default\">\n\t\t\t\t\t<h2 class=\"elementor-heading-title elementor-size-default\">Director de Arquitectura<\/h2>\t\t\t\t<\/div>\n\t\t\t\t<div class=\"elementor-element elementor-element-013bd23 elementor-widget elementor-widget-text-editor\" data-id=\"013bd23\" data-element_type=\"widget\" data-widget_type=\"text-editor.default\">\n\t\t\t\t\t\t\t\t\t<p>Jes\u00fas se uni\u00f3 a Abax en 1983. Debido a su importante y exitosa labor profesional, se convirti\u00f3 en socio activo en 1986. Con una fuerte vocaci\u00f3n por la calidad, Jes\u00fas se ha encargado de dise\u00f1ar varios proyectos, la mayor\u00eda de ellos desarrollos residenciales verticales y horizontales, su filosof\u00eda refleja el equilibrio entre funci\u00f3n y forma. Como Principal y Director de Proyectos, ofrece conocimiento t\u00e9cnico y un dise\u00f1o de detalle meticuloso donde impulsa el desempe\u00f1o de la empresa hacia un est\u00e1ndar de dise\u00f1o de alta calidad.<\/p>\t\t\t\t\t\t\t\t<\/div>\n\t\t\t\t<div class=\"elementor-element elementor-element-b9698fc elementor-widget elementor-widget-text-editor\" data-id=\"b9698fc\" data-element_type=\"widget\" data-widget_type=\"text-editor.default\">\n\t\t\t\t\t\t\t\t\t<p><em>Licenciatura en Arquitectura, Universidad Aut\u00f3noma Metropolitana, Ciudad de M\u00e9xico.<\/em><\/p>\t\t\t\t\t\t\t\t<\/div>\n\t\t\t\t<\/div>\n\t\t<div class=\"elementor-element elementor-element-b306e6c e-con-full e-flex e-con e-child\" data-id=\"b306e6c\" data-element_type=\"container\">\n\t\t\t\t<div class=\"elementor-element elementor-element-4ae284c elementor-widget elementor-widget-image\" data-id=\"4ae284c\" data-element_type=\"widget\" data-widget_type=\"image.default\">\n\t\t\t\t\t\t\t\t\t\t\t\t\t\t\t<img decoding=\"async\" width=\"798\" height=\"1060\" src=\"https:\/\/tahr.mx\/wp-content\/uploads\/2023\/11\/TAHR-RETRATOS-SOFIA-BEZAURY.jpg\" class=\"attachment-full size-full wp-image-1323\" alt=\"TAHR_Retratos_Sof\u00eda_Bezaury\" srcset=\"https:\/\/tahr.mx\/wp-content\/uploads\/2023\/11\/TAHR-RETRATOS-SOFIA-BEZAURY.jpg 798w, https:\/\/tahr.mx\/wp-content\/uploads\/2023\/11\/TAHR-RETRATOS-SOFIA-BEZAURY-226x300.jpg 226w, https:\/\/tahr.mx\/wp-content\/uploads\/2023\/11\/TAHR-RETRATOS-SOFIA-BEZAURY-771x1024.jpg 771w, https:\/\/tahr.mx\/wp-content\/uploads\/2023\/11\/TAHR-RETRATOS-SOFIA-BEZAURY-768x1020.jpg 768w\" sizes=\"(max-width: 798px) 100vw, 798px\" \/>\t\t\t\t\t\t\t\t\t\t\t\t\t\t\t<\/div>\n\t\t\t\t<div class=\"elementor-element elementor-element-ba74f3a elementor-widget elementor-widget-heading\" data-id=\"ba74f3a\" data-element_type=\"widget\" data-widget_type=\"heading.default\">\n\t\t\t\t\t<h2 class=\"elementor-heading-title elementor-size-default\">Sof\u00eda Bezaury Madero<\/h2>\t\t\t\t<\/div>\n\t\t\t\t<div class=\"elementor-element elementor-element-5f8e52e elementor-widget elementor-widget-heading\" data-id=\"5f8e52e\" data-element_type=\"widget\" data-widget_type=\"heading.default\">\n\t\t\t\t\t<h2 class=\"elementor-heading-title elementor-size-default\">L\u00edder de Proyectos<\/h2>\t\t\t\t<\/div>\n\t\t\t\t<div class=\"elementor-element elementor-element-136d799 elementor-widget elementor-widget-text-editor\" data-id=\"136d799\" data-element_type=\"widget\" data-widget_type=\"text-editor.default\">\n\t\t\t\t\t\t\t\t\t<p>La pasi\u00f3n de Sof\u00eda por la arquitectura y el dise\u00f1o de interiores trae dise\u00f1os creativos, est\u00e9ticos y funcionales a la arquitectura mexicana. Su sed de conocimiento y curiosidad la empuja a crear espacios que ofrezcan a los usuarios la experiencia de sorprender a trav\u00e9s de la integraci\u00f3n de espacios, materiales y acabados. Se uni\u00f3 a la firma en 2017 como gerente de adquisiciones de FF&amp;E y OS&amp;E para varios proyectos de hospitalidad, actualmente es asociada y gerente de proyectos que ofrece soluciones de dise\u00f1o innovadoras.<\/p>\t\t\t\t\t\t\t\t<\/div>\n\t\t\t\t<div class=\"elementor-element elementor-element-afcfccc elementor-widget elementor-widget-text-editor\" data-id=\"afcfccc\" data-element_type=\"widget\" data-widget_type=\"text-editor.default\">\n\t\t\t\t\t\t\t\t\t<p><em>Licenciatura en Arquitectura, Universidad An\u00e1huac, Ciudad de M\u00e9xico.<\/em><\/p>\t\t\t\t\t\t\t\t<\/div>\n\t\t\t\t<\/div>\n\t\t<div class=\"elementor-element elementor-element-8bda863 e-con-full e-flex e-con e-child\" data-id=\"8bda863\" data-element_type=\"container\">\n\t\t\t\t<div class=\"elementor-element elementor-element-dd81721 elementor-widget elementor-widget-image\" data-id=\"dd81721\" data-element_type=\"widget\" data-widget_type=\"image.default\">\n\t\t\t\t\t\t\t\t\t\t\t\t\t\t\t<img loading=\"lazy\" decoding=\"async\" width=\"798\" height=\"1060\" src=\"https:\/\/tahr.mx\/wp-content\/uploads\/2023\/11\/TAHR-RETRATOS-HECTOR-DE-LA-PENA.jpg\" class=\"attachment-full size-full wp-image-1326\" alt=\"TAHR_Retratos_H\u00e9ctor_de_la_Pe\u00f1a\" srcset=\"https:\/\/tahr.mx\/wp-content\/uploads\/2023\/11\/TAHR-RETRATOS-HECTOR-DE-LA-PENA.jpg 798w, https:\/\/tahr.mx\/wp-content\/uploads\/2023\/11\/TAHR-RETRATOS-HECTOR-DE-LA-PENA-226x300.jpg 226w, https:\/\/tahr.mx\/wp-content\/uploads\/2023\/11\/TAHR-RETRATOS-HECTOR-DE-LA-PENA-771x1024.jpg 771w, https:\/\/tahr.mx\/wp-content\/uploads\/2023\/11\/TAHR-RETRATOS-HECTOR-DE-LA-PENA-768x1020.jpg 768w\" sizes=\"(max-width: 798px) 100vw, 798px\" \/>\t\t\t\t\t\t\t\t\t\t\t\t\t\t\t<\/div>\n\t\t\t\t<div class=\"elementor-element elementor-element-8e57cae elementor-widget elementor-widget-heading\" data-id=\"8e57cae\" data-element_type=\"widget\" data-widget_type=\"heading.default\">\n\t\t\t\t\t<h2 class=\"elementor-heading-title elementor-size-default\">H\u00e9ctor de la Pe\u00f1a L\u00f3pez<\/h2>\t\t\t\t<\/div>\n\t\t\t\t<div class=\"elementor-element elementor-element-60c2695 elementor-widget elementor-widget-heading\" data-id=\"60c2695\" data-element_type=\"widget\" data-widget_type=\"heading.default\">\n\t\t\t\t\t<h2 class=\"elementor-heading-title elementor-size-default\">Dise\u00f1ador Senior<\/h2>\t\t\t\t<\/div>\n\t\t\t\t<div class=\"elementor-element elementor-element-6d44f41 elementor-widget elementor-widget-text-editor\" data-id=\"6d44f41\" data-element_type=\"widget\" data-widget_type=\"text-editor.default\">\n\t\t\t\t\t\t\t\t\t<p>Con un enfoque en fundamentos compositivos simples y una aproximaci\u00f3n estructural intuitiva, el trabajo de H\u00e9ctor se define por su profunda pasi\u00f3n por el dise\u00f1o arquitect\u00f3nico. Su experiencia fortalece la capacidad del despacho para desarrollar conceptos innovadores y dise\u00f1os esquem\u00e1ticos, especializ\u00e1ndose en proyectos de vivienda, culturales y de usos mixtos. Desde 2008, H\u00e9ctor ha contribuido al \u00e1mbito acad\u00e9mico como profesor en la Facultad de Arquitectura de la Universidad La Salle, adem\u00e1s de haber sido profesor invitado en la Universidad Iberoamericana y la Universidad An\u00e1huac.<\/p>\t\t\t\t\t\t\t\t<\/div>\n\t\t\t\t<div class=\"elementor-element elementor-element-5dfec60 elementor-widget elementor-widget-text-editor\" data-id=\"5dfec60\" data-element_type=\"widget\" data-widget_type=\"text-editor.default\">\n\t\t\t\t\t\t\t\t\t<p><em>Licenciatura en Arquitectura, Universidad La Salle, Ciudad de M\u00e9xico.<\/em><\/p><p>M\u00e1ster en Arquitectura, Texas A&amp;M, EEUU.<\/p>\t\t\t\t\t\t\t\t<\/div>\n\t\t\t\t<\/div>\n\t\t\t\t<\/div>\n\t\t<div class=\"elementor-element elementor-element-13815db e-con-full e-flex e-con e-child\" data-id=\"13815db\" data-element_type=\"container\">\n\t\t<div class=\"elementor-element elementor-element-5b4fcbc e-con-full e-flex e-con e-child\" data-id=\"5b4fcbc\" data-element_type=\"container\">\n\t\t\t\t<div class=\"elementor-element elementor-element-d1bf584 elementor-widget elementor-widget-heading\" data-id=\"d1bf584\" data-element_type=\"widget\" data-widget_type=\"heading.default\">\n\t\t\t\t\t<h2 class=\"elementor-heading-title elementor-size-default\">EXCELENCIA EN EL DISE\u00d1O<\/h2>\t\t\t\t<\/div>\n\t\t<div class=\"elementor-element elementor-element-d35c691 e-con-full e-flex e-con e-child\" data-id=\"d35c691\" data-element_type=\"container\">\n\t\t<div class=\"elementor-element elementor-element-3201268 e-con-full e-flex e-con e-child\" data-id=\"3201268\" data-element_type=\"container\">\n\t\t\t\t<div class=\"elementor-element elementor-element-835f5cc elementor-widget-laptop__width-initial elementor-widget elementor-widget-image\" data-id=\"835f5cc\" data-element_type=\"widget\" data-widget_type=\"image.default\">\n\t\t\t\t\t\t\t\t\t\t\t\t\t\t\t<img loading=\"lazy\" decoding=\"async\" width=\"1709\" height=\"2560\" src=\"https:\/\/tahr.mx\/wp-content\/uploads\/2025\/06\/MSE9421-scaled.jpg\" class=\"attachment-full size-full wp-image-6778\" alt=\"TAHR_Team_04\" srcset=\"https:\/\/tahr.mx\/wp-content\/uploads\/2025\/06\/MSE9421-scaled.jpg 1709w, https:\/\/tahr.mx\/wp-content\/uploads\/2025\/06\/MSE9421-200x300.jpg 200w, https:\/\/tahr.mx\/wp-content\/uploads\/2025\/06\/MSE9421-683x1024.jpg 683w, https:\/\/tahr.mx\/wp-content\/uploads\/2025\/06\/MSE9421-768x1151.jpg 768w, https:\/\/tahr.mx\/wp-content\/uploads\/2025\/06\/MSE9421-1025x1536.jpg 1025w, https:\/\/tahr.mx\/wp-content\/uploads\/2025\/06\/MSE9421-1367x2048.jpg 1367w, https:\/\/tahr.mx\/wp-content\/uploads\/2025\/06\/MSE9421-8x12.jpg 8w\" sizes=\"(max-width: 1709px) 100vw, 1709px\" \/>\t\t\t\t\t\t\t\t\t\t\t\t\t\t\t<\/div>\n\t\t\t\t<\/div>\n\t\t<div class=\"elementor-element elementor-element-1aa25b5 e-con-full e-flex e-con e-child\" data-id=\"1aa25b5\" data-element_type=\"container\">\n\t\t\t\t<div class=\"elementor-element elementor-element-d378c09 elementor-widget elementor-widget-image\" data-id=\"d378c09\" data-element_type=\"widget\" data-widget_type=\"image.default\">\n\t\t\t\t\t\t\t\t\t\t\t\t\t\t\t<img loading=\"lazy\" decoding=\"async\" width=\"1709\" height=\"2560\" src=\"https:\/\/tahr.mx\/wp-content\/uploads\/2025\/06\/MSE9410-scaled.jpg\" class=\"attachment-full size-full wp-image-6779\" alt=\"TAHR_Team_03\" srcset=\"https:\/\/tahr.mx\/wp-content\/uploads\/2025\/06\/MSE9410-scaled.jpg 1709w, https:\/\/tahr.mx\/wp-content\/uploads\/2025\/06\/MSE9410-200x300.jpg 200w, https:\/\/tahr.mx\/wp-content\/uploads\/2025\/06\/MSE9410-683x1024.jpg 683w, https:\/\/tahr.mx\/wp-content\/uploads\/2025\/06\/MSE9410-768x1151.jpg 768w, https:\/\/tahr.mx\/wp-content\/uploads\/2025\/06\/MSE9410-1025x1536.jpg 1025w, https:\/\/tahr.mx\/wp-content\/uploads\/2025\/06\/MSE9410-1367x2048.jpg 1367w, https:\/\/tahr.mx\/wp-content\/uploads\/2025\/06\/MSE9410-8x12.jpg 8w\" sizes=\"(max-width: 1709px) 100vw, 1709px\" \/>\t\t\t\t\t\t\t\t\t\t\t\t\t\t\t<\/div>\n\t\t\t\t<\/div>\n\t\t\t\t<\/div>\n\t\t\t\t<\/div>\n\t\t<div class=\"elementor-element elementor-element-febd37a e-con-full e-flex e-con e-child\" data-id=\"febd37a\" data-element_type=\"container\">\n\t\t\t\t<div class=\"elementor-element elementor-element-a141d98 elementor-widget elementor-widget-spacer\" data-id=\"a141d98\" data-element_type=\"widget\" data-widget_type=\"spacer.default\">\n\t\t\t\t\t\t\t<div class=\"elementor-spacer\">\n\t\t\t<div class=\"elementor-spacer-inner\"><\/div>\n\t\t<\/div>\n\t\t\t\t\t\t<\/div>\n\t\t\t\t<div class=\"elementor-element elementor-element-342ad9f elementor-widget elementor-widget-text-editor\" data-id=\"342ad9f\" data-element_type=\"widget\" data-widget_type=\"text-editor.default\">\n\t\t\t\t\t\t\t\t\t<p>Nuestra firma ofrece dise\u00f1os de alta calidad y una excepcional ejecuci\u00f3n que ha construido una s\u00f3lida reputaci\u00f3n y una base leal de clientes. Adem\u00e1s, nuestra experiencia en proyectos residenciales y de hospitalidad, y un portafolio diverso e innovador en espacios corporativos, comerciales y culturales, demuestra nuestra competencia creativa y nuestra capacidad para adaptarnos a diferentes escalas.<\/p>\t\t\t\t\t\t\t\t<\/div>\n\t\t\t\t<\/div>\n\t\t\t\t<\/div>\n\t\t<div class=\"elementor-element elementor-element-110bc05 e-con-full e-flex e-con e-child\" data-id=\"110bc05\" data-element_type=\"container\">\n\t\t<div class=\"elementor-element elementor-element-40e382b e-con-full e-flex e-con e-child\" data-id=\"40e382b\" data-element_type=\"container\">\n\t\t\t\t<div class=\"elementor-element elementor-element-226f10e elementor-widget elementor-widget-heading\" data-id=\"226f10e\" data-element_type=\"widget\" data-widget_type=\"heading.default\">\n\t\t\t\t\t<h2 class=\"elementor-heading-title elementor-size-default\">DOMINIO T\u00c9CNICO<\/h2>\t\t\t\t<\/div>\n\t\t\t\t<div class=\"elementor-element elementor-element-c197894 elementor-widget elementor-widget-spacer\" data-id=\"c197894\" data-element_type=\"widget\" data-widget_type=\"spacer.default\">\n\t\t\t\t\t\t\t<div class=\"elementor-spacer\">\n\t\t\t<div class=\"elementor-spacer-inner\"><\/div>\n\t\t<\/div>\n\t\t\t\t\t\t<\/div>\n\t\t\t\t<\/div>\n\t\t<div class=\"elementor-element elementor-element-ba6152b e-con-full e-flex e-con e-child\" data-id=\"ba6152b\" data-element_type=\"container\">\n\t\t\t\t<div class=\"elementor-element elementor-element-197b54c elementor-widget elementor-widget-text-editor\" data-id=\"197b54c\" data-element_type=\"widget\" data-widget_type=\"text-editor.default\">\n\t\t\t\t\t\t\t\t\t<p>Tenemos una s\u00f3lida formaci\u00f3n t\u00e9cnica, que incluye el conocimiento de los c\u00f3digos y regulaciones de construcci\u00f3n, t\u00e9cnicas de construcci\u00f3n y materiales. Adem\u00e1s, poseemos excelentes habilidades anal\u00edticas y de resoluci\u00f3n de problemas para anticipar y abordar posibles preocupaciones de dise\u00f1o, construcci\u00f3n o seguridad en cada proyecto. La experiencia de nuestro equipo tambi\u00e9n se extiende a la sostenibilidad, la eficiencia energ\u00e9tica y las pr\u00e1cticas de construcci\u00f3n ecol\u00f3gica, lo que nos da una ventaja sobre nuestros competidores.<\/p><p>Dise\u00f1amos y ejecutamos todos los proyectos con la ayuda de expertos para garantizar los m\u00e1s altos est\u00e1ndares de la industria.<\/p>\t\t\t\t\t\t\t\t<\/div>\n\t\t\t\t<\/div>\n\t\t\t\t<\/div>\n\t\t<div class=\"elementor-element elementor-element-1855327 e-con-full e-flex e-con e-child\" data-id=\"1855327\" data-element_type=\"container\">\n\t\t<div class=\"elementor-element elementor-element-db68337 e-con-full e-flex e-con e-child\" data-id=\"db68337\" data-element_type=\"container\">\n\t\t\t\t<div class=\"elementor-element elementor-element-b624c51 elementor-widget elementor-widget-heading\" data-id=\"b624c51\" data-element_type=\"widget\" data-widget_type=\"heading.default\">\n\t\t\t\t\t<h2 class=\"elementor-heading-title elementor-size-default\"><a href=\"https:\/\/tahr.mx\/en\/team\/\" rel=\"nofollow\">EQUIPO<\/a><\/h2>\t\t\t\t<\/div>\n\t\t\t\t<\/div>\n\t\t\t\t<\/div>\n\t\t<div class=\"elementor-element elementor-element-7a7ae08 e-con-full e-flex e-con e-child\" data-id=\"7a7ae08\" data-element_type=\"container\">\n\t\t\t\t<div class=\"elementor-element elementor-element-0e416c0 elementor-flip-box--effect-slide elementor-flip-box--direction-down elementor-widget elementor-widget-flip-box\" data-id=\"0e416c0\" data-element_type=\"widget\" data-widget_type=\"flip-box.default\">\n\t\t\t\t\t\t\t<div class=\"elementor-flip-box\" tabindex=\"0\">\n\t\t\t<div class=\"elementor-flip-box__layer elementor-flip-box__front\">\n\t\t\t\t<div class=\"elementor-flip-box__layer__overlay\">\n\t\t\t\t\t<div class=\"elementor-flip-box__layer__inner\">\n\t\t\t\t\t\t\n\t\t\t\t\t\t\n\t\t\t\t\t\t\t\t\t\t\t<\/div>\n\t\t\t\t<\/div>\n\t\t\t<\/div>\n\t\t\t<div class=\"elementor-flip-box__layer elementor-flip-box__back\">\n\t\t\t<div class=\"elementor-flip-box__layer__overlay\">\n\t\t\t\t<div class=\"elementor-flip-box__layer__inner\">\n\t\t\t\t\t\t\t\t\t\t\t<h3 class=\"elementor-flip-box__layer__title\">\n\t\t\t\t\t\t\t<b>Diego Alzaga<\/b><br><em>Senior Architect<\/em><br>\t\t\t\t\t\t<\/h3>\n\t\t\t\t\t\n\t\t\t\t\t\t\t\t\t\t\t<div class=\"elementor-flip-box__layer__description\">\n\t\t\t\t\t\t\tDiego es arquitecto por la UNAM, con m\u00e1s de 10 a\u00f1os de experiencia ha participado en distintos proyectos que combinan creatividad, funcionalidad y una visi\u00f3n clara de lo que cada espacio necesita. En 2022 se incorpor\u00f3 a TAHR para formar parte del equipo aportando ideas frescas, experiencia y una gran pasi\u00f3n por el dise\u00f1o.\t\t\t\t\t\t<\/div>\n\t\t\t\t\t\n\t\t\t\t\t\t\t\t<\/div>\n\t\t<\/div>\n\t\t<\/div>\n\t\t<\/div>\n\t\t\t\t\t\t<\/div>\n\t\t\t\t<div class=\"elementor-element elementor-element-a01b355 elementor-flip-box--effect-slide elementor-flip-box--direction-down elementor-widget elementor-widget-flip-box\" data-id=\"a01b355\" data-element_type=\"widget\" data-widget_type=\"flip-box.default\">\n\t\t\t\t\t\t\t<div class=\"elementor-flip-box\" tabindex=\"0\">\n\t\t\t<div class=\"elementor-flip-box__layer elementor-flip-box__front\">\n\t\t\t\t<div class=\"elementor-flip-box__layer__overlay\">\n\t\t\t\t\t<div class=\"elementor-flip-box__layer__inner\">\n\t\t\t\t\t\t\n\t\t\t\t\t\t\n\t\t\t\t\t\t\t\t\t\t\t<\/div>\n\t\t\t\t<\/div>\n\t\t\t<\/div>\n\t\t\t<div class=\"elementor-flip-box__layer elementor-flip-box__back\">\n\t\t\t<div class=\"elementor-flip-box__layer__overlay\">\n\t\t\t\t<div class=\"elementor-flip-box__layer__inner\">\n\t\t\t\t\t\t\t\t\t\t\t<h3 class=\"elementor-flip-box__layer__title\">\n\t\t\t\t\t\t\t<b>Alfonso Paz<\/b><br><em>Senior Architect<\/em><br>\t\t\t\t\t\t<\/h3>\n\t\t\t\t\t\n\t\t\t\t\t\t\t\t\t\t\t<div class=\"elementor-flip-box__layer__description\">\n\t\t\t\t\t\t\tAlfonso es arquitecto por la UNAM, con m\u00e1s de 10 a\u00f1os de experiencia, su trayectoria se ha enfocado en la ejecuci\u00f3n de proyectos integrales, desde la concepci\u00f3n hasta su materializaci\u00f3n. Combina habilidades de gesti\u00f3n con una profunda sensibilidad est\u00e9tica y funcional. Destaca por su capacidad creativa para traducir ideas complejas en soluciones arquitect\u00f3nicas claras. \t\t\t\t\t\t<\/div>\n\t\t\t\t\t\n\t\t\t\t\t\t\t\t<\/div>\n\t\t<\/div>\n\t\t<\/div>\n\t\t<\/div>\n\t\t\t\t\t\t<\/div>\n\t\t\t\t<div class=\"elementor-element elementor-element-dfa3ca0 elementor-flip-box--effect-slide elementor-flip-box--direction-down elementor-widget elementor-widget-flip-box\" data-id=\"dfa3ca0\" data-element_type=\"widget\" data-widget_type=\"flip-box.default\">\n\t\t\t\t\t\t\t<div class=\"elementor-flip-box\" tabindex=\"0\">\n\t\t\t<div class=\"elementor-flip-box__layer elementor-flip-box__front\">\n\t\t\t\t<div class=\"elementor-flip-box__layer__overlay\">\n\t\t\t\t\t<div class=\"elementor-flip-box__layer__inner\">\n\t\t\t\t\t\t\n\t\t\t\t\t\t\n\t\t\t\t\t\t\t\t\t\t\t<\/div>\n\t\t\t\t<\/div>\n\t\t\t<\/div>\n\t\t\t<div class=\"elementor-flip-box__layer elementor-flip-box__back\">\n\t\t\t<div class=\"elementor-flip-box__layer__overlay\">\n\t\t\t\t<div class=\"elementor-flip-box__layer__inner\">\n\t\t\t\t\t\t\t\t\t\t\t<h3 class=\"elementor-flip-box__layer__title\">\n\t\t\t\t\t\t\t<b>Claudia Gomez Farias<\/b><br><em>Project Manager<\/em><br>\t\t\t\t\t\t<\/h3>\n\t\t\t\t\t\n\t\t\t\t\t\t\t\t\t\t\t<div class=\"elementor-flip-box__layer__description\">\n\t\t\t\t\t\t\tClaudia es arquitecta mexicana egresada de la Universidad la Salle con m\u00e1s de 20 a\u00f1os de experiencia en el dise\u00f1o, desempe\u00f1\u00e1ndose tanto en la gesti\u00f3n de obra como en la direcci\u00f3n de proyectos se desempe\u00f1a como gerente de proyectos de TAHR desde 2022. \t\t\t\t\t\t<\/div>\n\t\t\t\t\t\n\t\t\t\t\t\t\t\t<\/div>\n\t\t<\/div>\n\t\t<\/div>\n\t\t<\/div>\n\t\t\t\t\t\t<\/div>\n\t\t\t\t<div class=\"elementor-element elementor-element-1557e4e elementor-flip-box--effect-slide elementor-flip-box--direction-down elementor-widget elementor-widget-flip-box\" data-id=\"1557e4e\" data-element_type=\"widget\" data-widget_type=\"flip-box.default\">\n\t\t\t\t\t\t\t<div class=\"elementor-flip-box\" tabindex=\"0\">\n\t\t\t<div class=\"elementor-flip-box__layer elementor-flip-box__front\">\n\t\t\t\t<div class=\"elementor-flip-box__layer__overlay\">\n\t\t\t\t\t<div class=\"elementor-flip-box__layer__inner\">\n\t\t\t\t\t\t\n\t\t\t\t\t\t\n\t\t\t\t\t\t\t\t\t\t\t<\/div>\n\t\t\t\t<\/div>\n\t\t\t<\/div>\n\t\t\t<div class=\"elementor-flip-box__layer elementor-flip-box__back\">\n\t\t\t<div class=\"elementor-flip-box__layer__overlay\">\n\t\t\t\t<div class=\"elementor-flip-box__layer__inner\">\n\t\t\t\t\t\t\t\t\t\t\t<h3 class=\"elementor-flip-box__layer__title\">\n\t\t\t\t\t\t\t<b>Manuel Bucio<\/b><br><em>Senior Architect &amp; Office Manager<\/em><br>\t\t\t\t\t\t<\/h3>\n\t\t\t\t\t\n\t\t\t\t\t\t\t\t\t\t\t<div class=\"elementor-flip-box__layer__description\">\n\t\t\t\t\t\t\tManuel es arquitecto por la UNAM, comenz\u00f3 su trayectoria profesional en 1995 como arquitecto de proyecto. A lo largo de su carrera, ha adquirido una amplia experiencia en dise\u00f1o, coordinaci\u00f3n y gesti\u00f3n de proyectos. Desde hace m\u00e1s de una d\u00e9cada, labora con el equipo como gerente de proyectos, liderando equipos y gestionando proyectos de gran escala.\t\t\t\t\t\t<\/div>\n\t\t\t\t\t\n\t\t\t\t\t\t\t\t<\/div>\n\t\t<\/div>\n\t\t<\/div>\n\t\t<\/div>\n\t\t\t\t\t\t<\/div>\n\t\t\t\t<\/div>\n\t\t<div class=\"elementor-element elementor-element-313011d e-con-full e-flex e-con e-child\" data-id=\"313011d\" data-element_type=\"container\">\n\t\t\t\t<div class=\"elementor-element elementor-element-54d1d1e elementor-flip-box--effect-slide elementor-flip-box--direction-down elementor-widget elementor-widget-flip-box\" data-id=\"54d1d1e\" data-element_type=\"widget\" data-widget_type=\"flip-box.default\">\n\t\t\t\t\t\t\t<div class=\"elementor-flip-box\" tabindex=\"0\">\n\t\t\t<div class=\"elementor-flip-box__layer elementor-flip-box__front\">\n\t\t\t\t<div class=\"elementor-flip-box__layer__overlay\">\n\t\t\t\t\t<div class=\"elementor-flip-box__layer__inner\">\n\t\t\t\t\t\t\n\t\t\t\t\t\t\n\t\t\t\t\t\t\t\t\t\t\t<\/div>\n\t\t\t\t<\/div>\n\t\t\t<\/div>\n\t\t\t<div class=\"elementor-flip-box__layer elementor-flip-box__back\">\n\t\t\t<div class=\"elementor-flip-box__layer__overlay\">\n\t\t\t\t<div class=\"elementor-flip-box__layer__inner\">\n\t\t\t\t\t\t\t\t\t\t\t<h3 class=\"elementor-flip-box__layer__title\">\n\t\t\t\t\t\t\t<b>Carlos Gonzalez<\/b><br><em>Senior Architect<\/em><br>\t\t\t\t\t\t<\/h3>\n\t\t\t\t\t\n\t\t\t\t\t\t\t\t\t\t\t<div class=\"elementor-flip-box__layer__description\">\n\t\t\t\t\t\t\tCarlos Gonz\u00e1lez, arquitecto egresado de la UNAM, con m\u00e1s de 20 a\u00f1os de experiencia en desarrollo de proyecto ejecutivo y coordinaci\u00f3n de proyectos. Desde 2024 forma parte de TAHR, donde aporta precisi\u00f3n, compromiso y una mirada integral al proceso constructivo.\t\t\t\t\t\t<\/div>\n\t\t\t\t\t\n\t\t\t\t\t\t\t\t<\/div>\n\t\t<\/div>\n\t\t<\/div>\n\t\t<\/div>\n\t\t\t\t\t\t<\/div>\n\t\t\t\t<div class=\"elementor-element elementor-element-19160e6 elementor-flip-box--effect-slide elementor-flip-box--direction-down elementor-widget elementor-widget-flip-box\" data-id=\"19160e6\" data-element_type=\"widget\" data-widget_type=\"flip-box.default\">\n\t\t\t\t\t\t\t<div class=\"elementor-flip-box\" tabindex=\"0\">\n\t\t\t<div class=\"elementor-flip-box__layer elementor-flip-box__front\">\n\t\t\t\t<div class=\"elementor-flip-box__layer__overlay\">\n\t\t\t\t\t<div class=\"elementor-flip-box__layer__inner\">\n\t\t\t\t\t\t\n\t\t\t\t\t\t\n\t\t\t\t\t\t\t\t\t\t\t<\/div>\n\t\t\t\t<\/div>\n\t\t\t<\/div>\n\t\t\t<div class=\"elementor-flip-box__layer elementor-flip-box__back\">\n\t\t\t<div class=\"elementor-flip-box__layer__overlay\">\n\t\t\t\t<div class=\"elementor-flip-box__layer__inner\">\n\t\t\t\t\t\t\t\t\t\t\t<h3 class=\"elementor-flip-box__layer__title\">\n\t\t\t\t\t\t\t<b>Hector Grajales<\/b><br><em>Bim Manager<\/em><br>\t\t\t\t\t\t<\/h3>\n\t\t\t\t\t\n\t\t\t\t\t\t\t\t\t\t\t<div class=\"elementor-flip-box__layer__description\">\n\t\t\t\t\t\t\tH\u00e9ctor es arquitecto egresado de la UAM, con cerca de 20 a\u00f1os de experiencia en proyectos que emplean la metodolog\u00eda BIM y con m\u00e1s de 15 a\u00f1os de trayectoria en programaci\u00f3n aplicada a programas de dise\u00f1o. Ha compartido su conocimiento en conferencias de Autodesk University, abordando el uso de herramientas computacionales para la industria del prefabricado.\t\t\t\t\t\t<\/div>\n\t\t\t\t\t\n\t\t\t\t\t\t\t\t<\/div>\n\t\t<\/div>\n\t\t<\/div>\n\t\t<\/div>\n\t\t\t\t\t\t<\/div>\n\t\t\t\t<div class=\"elementor-element elementor-element-7b4e54f elementor-flip-box--effect-slide elementor-flip-box--direction-down elementor-widget elementor-widget-flip-box\" data-id=\"7b4e54f\" data-element_type=\"widget\" data-widget_type=\"flip-box.default\">\n\t\t\t\t\t\t\t<div class=\"elementor-flip-box\" tabindex=\"0\">\n\t\t\t<div class=\"elementor-flip-box__layer elementor-flip-box__front\">\n\t\t\t\t<div class=\"elementor-flip-box__layer__overlay\">\n\t\t\t\t\t<div class=\"elementor-flip-box__layer__inner\">\n\t\t\t\t\t\t\n\t\t\t\t\t\t\n\t\t\t\t\t\t\t\t\t\t\t<\/div>\n\t\t\t\t<\/div>\n\t\t\t<\/div>\n\t\t\t<div class=\"elementor-flip-box__layer elementor-flip-box__back\">\n\t\t\t<div class=\"elementor-flip-box__layer__overlay\">\n\t\t\t\t<div class=\"elementor-flip-box__layer__inner\">\n\t\t\t\t\t\t\t\t\t\t\t<h3 class=\"elementor-flip-box__layer__title\">\n\t\t\t\t\t\t\t<b>M\u00f3nica Mendoza<\/b><br><em>Administrative Assistant<\/em><br>\t\t\t\t\t\t<\/h3>\n\t\t\t\t\t\n\t\t\t\t\t\t\t\t\t\t\t<div class=\"elementor-flip-box__layer__description\">\n\t\t\t\t\t\t\tMonica es egresada del Instituto Polit\u00e9cnico Nacional, en la carrera de Ingenier\u00eda Civil, ejerce como auxiliar administrativa desempe\u00f1ando un papel crucial en el funcionamiento diario de la empresa, brindando apoyo administrativo y de oficina a directivos y equipo del taller.\t\t\t\t\t\t<\/div>\n\t\t\t\t\t\n\t\t\t\t\t\t\t\t<\/div>\n\t\t<\/div>\n\t\t<\/div>\n\t\t<\/div>\n\t\t\t\t\t\t<\/div>\n\t\t\t\t<div class=\"elementor-element elementor-element-6925d1f elementor-flip-box--effect-slide elementor-flip-box--direction-down elementor-widget elementor-widget-flip-box\" data-id=\"6925d1f\" data-element_type=\"widget\" data-widget_type=\"flip-box.default\">\n\t\t\t\t\t\t\t<div class=\"elementor-flip-box\" tabindex=\"0\">\n\t\t\t<div class=\"elementor-flip-box__layer elementor-flip-box__front\">\n\t\t\t\t<div class=\"elementor-flip-box__layer__overlay\">\n\t\t\t\t\t<div class=\"elementor-flip-box__layer__inner\">\n\t\t\t\t\t\t\n\t\t\t\t\t\t\n\t\t\t\t\t\t\t\t\t\t\t<\/div>\n\t\t\t\t<\/div>\n\t\t\t<\/div>\n\t\t\t<div class=\"elementor-flip-box__layer elementor-flip-box__back\">\n\t\t\t<div class=\"elementor-flip-box__layer__overlay\">\n\t\t\t\t<div class=\"elementor-flip-box__layer__inner\">\n\t\t\t\t\t\t\t\t\t\t\t<h3 class=\"elementor-flip-box__layer__title\">\n\t\t\t\t\t\t\t<b>Estefan\u00eda Ramos<\/b><br><em>Junior Architect<\/em><br>\t\t\t\t\t\t<\/h3>\n\t\t\t\t\t\n\t\t\t\t\t\t\t\t\t\t\t<div class=\"elementor-flip-box__layer__description\">\n\t\t\t\t\t\t\tEstefan\u00eda es arquitecta egresada de la Universidad La Salle, donde profundiz\u00f3 sus estudios en rehabilitaci\u00f3n urbana. En TAHR se enfoca en el desarrollo de proyectos arquitect\u00f3nicos, participando activamente en su conceptualizaci\u00f3n y en distintas etapas del proceso de dise\u00f1o. Tambi\u00e9n apoya en la elaboraci\u00f3n de presentaciones que comunican con claridad las ideas del proyecto, cuidando que el dise\u00f1o se alinee con la identidad del despacho.\t\t\t\t\t\t<\/div>\n\t\t\t\t\t\n\t\t\t\t\t\t\t\t<\/div>\n\t\t<\/div>\n\t\t<\/div>\n\t\t<\/div>\n\t\t\t\t\t\t<\/div>\n\t\t\t\t<\/div>\n\t\t<div class=\"elementor-element elementor-element-e5675d8 e-con-full e-flex e-con e-child\" data-id=\"e5675d8\" data-element_type=\"container\">\n\t\t\t\t<div class=\"elementor-element elementor-element-f1f6c24 elementor-flip-box--effect-slide elementor-flip-box--direction-down elementor-widget elementor-widget-flip-box\" data-id=\"f1f6c24\" data-element_type=\"widget\" data-widget_type=\"flip-box.default\">\n\t\t\t\t\t\t\t<div class=\"elementor-flip-box\" tabindex=\"0\">\n\t\t\t<div class=\"elementor-flip-box__layer elementor-flip-box__front\">\n\t\t\t\t<div class=\"elementor-flip-box__layer__overlay\">\n\t\t\t\t\t<div class=\"elementor-flip-box__layer__inner\">\n\t\t\t\t\t\t\n\t\t\t\t\t\t\n\t\t\t\t\t\t\t\t\t\t\t<\/div>\n\t\t\t\t<\/div>\n\t\t\t<\/div>\n\t\t\t<div class=\"elementor-flip-box__layer elementor-flip-box__back\">\n\t\t\t<div class=\"elementor-flip-box__layer__overlay\">\n\t\t\t\t<div class=\"elementor-flip-box__layer__inner\">\n\t\t\t\t\t\t\t\t\t\t\t<h3 class=\"elementor-flip-box__layer__title\">\n\t\t\t\t\t\t\t<b>Salvador Dur\u00e1n<\/b><br><em>Junior Architect<\/em><br>\t\t\t\t\t\t<\/h3>\n\t\t\t\t\t\n\t\t\t\t\t\t\t\t\t\t\t<div class=\"elementor-flip-box__layer__description\">\n\t\t\t\t\t\t\tSalvador es arquitecto egresado de la Universidad La Salle, con especialidad en Gesti\u00f3n y Administraci\u00f3n de Proyectos. Desde enero de 2023 forma parte del equipo de TAHR, donde aporta una visi\u00f3n estrat\u00e9gica e integral al desarrollo arquitect\u00f3nico. Su trabajo se enfoca en optimizar la eficiencia, funcionalidad y dise\u00f1o de cada propuesta, combinando creatividad con un s\u00f3lido dominio del modelado 3D para traducir ideas en soluciones concretas y bien ejecutadas.\t\t\t\t\t\t<\/div>\n\t\t\t\t\t\n\t\t\t\t\t\t\t\t<\/div>\n\t\t<\/div>\n\t\t<\/div>\n\t\t<\/div>\n\t\t\t\t\t\t<\/div>\n\t\t\t\t<div class=\"elementor-element elementor-element-a31927f elementor-flip-box--effect-slide elementor-flip-box--direction-down elementor-widget elementor-widget-flip-box\" data-id=\"a31927f\" data-element_type=\"widget\" data-widget_type=\"flip-box.default\">\n\t\t\t\t\t\t\t<div class=\"elementor-flip-box\" tabindex=\"0\">\n\t\t\t<div class=\"elementor-flip-box__layer elementor-flip-box__front\">\n\t\t\t\t<div class=\"elementor-flip-box__layer__overlay\">\n\t\t\t\t\t<div class=\"elementor-flip-box__layer__inner\">\n\t\t\t\t\t\t\n\t\t\t\t\t\t\n\t\t\t\t\t\t\t\t\t\t\t<\/div>\n\t\t\t\t<\/div>\n\t\t\t<\/div>\n\t\t\t<div class=\"elementor-flip-box__layer elementor-flip-box__back\">\n\t\t\t<div class=\"elementor-flip-box__layer__overlay\">\n\t\t\t\t<div class=\"elementor-flip-box__layer__inner\">\n\t\t\t\t\t\t\t\t\t\t\t<h3 class=\"elementor-flip-box__layer__title\">\n\t\t\t\t\t\t\t<b>Nohelia Romano<\/b><br><em>Junior Architect<\/em><br>\t\t\t\t\t\t<\/h3>\n\t\t\t\t\t\n\t\t\t\t\t\t\t\t\t\t\t<div class=\"elementor-flip-box__layer__description\">\n\t\t\t\t\t\t\tNohelia es arquitecta egresada de la Universidad La Salle en 2024, apasionada por el dise\u00f1o, apoya en la creaci\u00f3n de propuestas conceptuales, desarrollo de proyecto y generaci\u00f3n de renders. Su enfoque combina creatividad y precisi\u00f3n para comunicar ideas de forma clara y visualmente atractiva.\t\t\t\t\t\t<\/div>\n\t\t\t\t\t\n\t\t\t\t\t\t\t\t<\/div>\n\t\t<\/div>\n\t\t<\/div>\n\t\t<\/div>\n\t\t\t\t\t\t<\/div>\n\t\t\t\t<div class=\"elementor-element elementor-element-d78a559 elementor-flip-box--effect-slide elementor-flip-box--direction-down elementor-widget elementor-widget-flip-box\" data-id=\"d78a559\" data-element_type=\"widget\" data-widget_type=\"flip-box.default\">\n\t\t\t\t\t\t\t<div class=\"elementor-flip-box\" tabindex=\"0\">\n\t\t\t<div class=\"elementor-flip-box__layer elementor-flip-box__front\">\n\t\t\t\t<div class=\"elementor-flip-box__layer__overlay\">\n\t\t\t\t\t<div class=\"elementor-flip-box__layer__inner\">\n\t\t\t\t\t\t\n\t\t\t\t\t\t\n\t\t\t\t\t\t\t\t\t\t\t<\/div>\n\t\t\t\t<\/div>\n\t\t\t<\/div>\n\t\t\t<div class=\"elementor-flip-box__layer elementor-flip-box__back\">\n\t\t\t<div class=\"elementor-flip-box__layer__overlay\">\n\t\t\t\t<div class=\"elementor-flip-box__layer__inner\">\n\t\t\t\t\t\t\t\t\t\t\t<h3 class=\"elementor-flip-box__layer__title\">\n\t\t\t\t\t\t\t<b>Florencia Cielo<\/b><br><em>Junior Architect<\/em><br>\t\t\t\t\t\t<\/h3>\n\t\t\t\t\t\n\t\t\t\t\t\t\t\t\t\t\t<div class=\"elementor-flip-box__layer__description\">\n\t\t\t\t\t\t\tFlorencia es egresada de la Facultad de Arquitectura de la UNAM. Su formaci\u00f3n le permite abordar los proyectos desde una perspectiva integral, combinando dise\u00f1o, funcionalidad y eficiencia. Se especializa en el desarrollo de propuestas arquitect\u00f3nicas y en la generaci\u00f3n de visualizaciones 3D y presentaciones gr\u00e1ficas.\t\t\t\t\t\t<\/div>\n\t\t\t\t\t\n\t\t\t\t\t\t\t\t<\/div>\n\t\t<\/div>\n\t\t<\/div>\n\t\t<\/div>\n\t\t\t\t\t\t<\/div>\n\t\t\t\t<div class=\"elementor-element elementor-element-89ced3f elementor-flip-box--effect-slide elementor-flip-box--direction-down elementor-widget elementor-widget-flip-box\" data-id=\"89ced3f\" data-element_type=\"widget\" data-widget_type=\"flip-box.default\">\n\t\t\t\t\t\t\t<div class=\"elementor-flip-box\" tabindex=\"0\">\n\t\t\t<div class=\"elementor-flip-box__layer elementor-flip-box__front\">\n\t\t\t\t<div class=\"elementor-flip-box__layer__overlay\">\n\t\t\t\t\t<div class=\"elementor-flip-box__layer__inner\">\n\t\t\t\t\t\t\n\t\t\t\t\t\t\n\t\t\t\t\t\t\t\t\t\t\t<\/div>\n\t\t\t\t<\/div>\n\t\t\t<\/div>\n\t\t\t<div class=\"elementor-flip-box__layer elementor-flip-box__back\">\n\t\t\t<div class=\"elementor-flip-box__layer__overlay\">\n\t\t\t\t<div class=\"elementor-flip-box__layer__inner\">\n\t\t\t\t\t\t\t\t\t\t\t<h3 class=\"elementor-flip-box__layer__title\">\n\t\t\t\t\t\t\tRemedios Ponce\t\t\t\t\t\t<\/h3>\n\t\t\t\t\t\n\t\t\t\t\t\n\t\t\t\t\t\t\t\t<\/div>\n\t\t<\/div>\n\t\t<\/div>\n\t\t<\/div>\n\t\t\t\t\t\t<\/div>\n\t\t\t\t<\/div>\n\t\t<div class=\"elementor-element elementor-element-133b996 e-con-full e-flex e-con e-child\" data-id=\"133b996\" data-element_type=\"container\">\n\t\t\t\t<div class=\"elementor-element elementor-element-f08e7f9 elementor-flip-box--effect-slide elementor-flip-box--direction-down elementor-widget elementor-widget-flip-box\" data-id=\"f08e7f9\" data-element_type=\"widget\" data-widget_type=\"flip-box.default\">\n\t\t\t\t\t\t\t<div class=\"elementor-flip-box\" tabindex=\"0\">\n\t\t\t<div class=\"elementor-flip-box__layer elementor-flip-box__front\">\n\t\t\t\t<div class=\"elementor-flip-box__layer__overlay\">\n\t\t\t\t\t<div class=\"elementor-flip-box__layer__inner\">\n\t\t\t\t\t\t\n\t\t\t\t\t\t\n\t\t\t\t\t\t\t\t\t\t\t<\/div>\n\t\t\t\t<\/div>\n\t\t\t<\/div>\n\t\t\t<div class=\"elementor-flip-box__layer elementor-flip-box__back\">\n\t\t\t<div class=\"elementor-flip-box__layer__overlay\">\n\t\t\t\t<div class=\"elementor-flip-box__layer__inner\">\n\t\t\t\t\t\t\t\t\t\t\t<h3 class=\"elementor-flip-box__layer__title\">\n\t\t\t\t\t\t\t<b>Pablo Martinez<\/b><br><em>Intern<\/em>\t\t\t\t\t\t<\/h3>\n\t\t\t\t\t\n\t\t\t\t\t\n\t\t\t\t\t\t\t\t<\/div>\n\t\t<\/div>\n\t\t<\/div>\n\t\t<\/div>\n\t\t\t\t\t\t<\/div>\n\t\t\t\t<div class=\"elementor-element elementor-element-e81c36d elementor-flip-box--effect-slide elementor-flip-box--direction-down elementor-widget elementor-widget-flip-box\" data-id=\"e81c36d\" data-element_type=\"widget\" data-widget_type=\"flip-box.default\">\n\t\t\t\t\t\t\t<div class=\"elementor-flip-box\" tabindex=\"0\">\n\t\t\t<div class=\"elementor-flip-box__layer elementor-flip-box__front\">\n\t\t\t\t<div class=\"elementor-flip-box__layer__overlay\">\n\t\t\t\t\t<div class=\"elementor-flip-box__layer__inner\">\n\t\t\t\t\t\t\n\t\t\t\t\t\t\n\t\t\t\t\t\t\t\t\t\t\t<\/div>\n\t\t\t\t<\/div>\n\t\t\t<\/div>\n\t\t\t<div class=\"elementor-flip-box__layer elementor-flip-box__back\">\n\t\t\t<div class=\"elementor-flip-box__layer__overlay\">\n\t\t\t\t<div class=\"elementor-flip-box__layer__inner\">\n\t\t\t\t\t\t\t\t\t\t\t<h3 class=\"elementor-flip-box__layer__title\">\n\t\t\t\t\t\t\t<b>Emilio Maldonado<\/b><br><em>Intern<\/em>\t\t\t\t\t\t<\/h3>\n\t\t\t\t\t\n\t\t\t\t\t\n\t\t\t\t\t\t\t\t<\/div>\n\t\t<\/div>\n\t\t<\/div>\n\t\t<\/div>\n\t\t\t\t\t\t<\/div>\n\t\t\t\t<div class=\"elementor-element elementor-element-9b1a17e elementor-flip-box--effect-slide elementor-flip-box--direction-down elementor-widget elementor-widget-flip-box\" data-id=\"9b1a17e\" data-element_type=\"widget\" data-widget_type=\"flip-box.default\">\n\t\t\t\t\t\t\t<div class=\"elementor-flip-box\" tabindex=\"0\">\n\t\t\t<div class=\"elementor-flip-box__layer elementor-flip-box__front\">\n\t\t\t\t<div class=\"elementor-flip-box__layer__overlay\">\n\t\t\t\t\t<div class=\"elementor-flip-box__layer__inner\">\n\t\t\t\t\t\t\n\t\t\t\t\t\t\n\t\t\t\t\t\t\t\t\t\t\t<\/div>\n\t\t\t\t<\/div>\n\t\t\t<\/div>\n\t\t\t<div class=\"elementor-flip-box__layer elementor-flip-box__back\">\n\t\t\t<div class=\"elementor-flip-box__layer__overlay\">\n\t\t\t\t<div class=\"elementor-flip-box__layer__inner\">\n\t\t\t\t\t\t\t\t\t\t\t<h3 class=\"elementor-flip-box__layer__title\">\n\t\t\t\t\t\t\t<b>Franck Ruiz<\/b><br><em>Intern<\/em>\t\t\t\t\t\t<\/h3>\n\t\t\t\t\t\n\t\t\t\t\t\n\t\t\t\t\t\t\t\t<\/div>\n\t\t<\/div>\n\t\t<\/div>\n\t\t<\/div>\n\t\t\t\t\t\t<\/div>\n\t\t\t\t<div class=\"elementor-element elementor-element-85a439f elementor-flip-box--effect-slide elementor-flip-box--direction-down elementor-widget elementor-widget-flip-box\" data-id=\"85a439f\" data-element_type=\"widget\" data-widget_type=\"flip-box.default\">\n\t\t\t\t\t\t\t<div class=\"elementor-flip-box\" tabindex=\"0\">\n\t\t\t<div class=\"elementor-flip-box__layer elementor-flip-box__front\">\n\t\t\t\t<div class=\"elementor-flip-box__layer__overlay\">\n\t\t\t\t\t<div class=\"elementor-flip-box__layer__inner\">\n\t\t\t\t\t\t\n\t\t\t\t\t\t\n\t\t\t\t\t\t\t\t\t\t\t<\/div>\n\t\t\t\t<\/div>\n\t\t\t<\/div>\n\t\t\t<div class=\"elementor-flip-box__layer elementor-flip-box__back\">\n\t\t\t<div class=\"elementor-flip-box__layer__overlay\">\n\t\t\t\t<div class=\"elementor-flip-box__layer__inner\">\n\t\t\t\t\t\n\t\t\t\t\t\n\t\t\t\t\t\t\t\t<\/div>\n\t\t<\/div>\n\t\t<\/div>\n\t\t<\/div>\n\t\t\t\t\t\t<\/div>\n\t\t\t\t<\/div>\n\t\t\t\t<\/div>\n\t\t<div id=\"e-n-tab-content-1917450632\" role=\"tabpanel\" aria-labelledby=\"legado\" data-tab-index=\"2\" style=\"--n-tabs-title-order: 2;\" class=\"elementor-element elementor-element-7d7d108 e-con-full e-flex e-con e-child\" data-id=\"7d7d108\" data-element_type=\"container\">\n\t\t<div class=\"elementor-element elementor-element-e48f714 e-con-full e-flex e-con e-child\" data-id=\"e48f714\" data-element_type=\"container\">\n\t\t<div class=\"elementor-element elementor-element-682c825 e-con-full e-flex e-con e-child\" data-id=\"682c825\" data-element_type=\"container\">\n\t\t\t\t<div class=\"elementor-element elementor-element-bef269f elementor-widget elementor-widget-text-editor\" data-id=\"bef269f\" data-element_type=\"widget\" data-widget_type=\"text-editor.default\">\n\t\t\t\t\t\t\t\t\t<p>Abax fue fundado en 1982 por el arquitecto Fernando de Haro. Junto a Jes\u00fas Fern\u00e1ndez, Pablo Blasco y otros colaboradores clave, consolidaron una pr\u00e1ctica arquitect\u00f3nica reconocida por su rigor y sensibilidad. Despu\u00e9s de distintas transiciones, Fernando, Pablo y Jes\u00fas asumieron el liderazgo de la oficina, marcando el rumbo de los \u00faltimos a\u00f1os de Abax.<\/p><p>TAHR reconoce el legado de Abax en su pr\u00e1ctica y da continuidad al proyecto de despacho iniciado en esa etapa, al tiempo que impulsa nuevas propuestas con una visi\u00f3n arquitect\u00f3nica contempor\u00e1nea.<\/p>\t\t\t\t\t\t\t\t<\/div>\n\t\t\t\t<div class=\"elementor-element elementor-element-8d6f5c9 elementor-widget elementor-widget-spacer\" data-id=\"8d6f5c9\" data-element_type=\"widget\" data-widget_type=\"spacer.default\">\n\t\t\t\t\t\t\t<div class=\"elementor-spacer\">\n\t\t\t<div class=\"elementor-spacer-inner\"><\/div>\n\t\t<\/div>\n\t\t\t\t\t\t<\/div>\n\t\t\t\t<\/div>\n\t\t<div class=\"elementor-element elementor-element-7a8eb0b e-con-full e-flex e-con e-child\" data-id=\"7a8eb0b\" data-element_type=\"container\">\n\t\t\t\t<\/div>\n\t\t\t\t<\/div>\n\t\t<div class=\"elementor-element elementor-element-a2c549c e-con-full e-flex e-con e-child\" data-id=\"a2c549c\" data-element_type=\"container\">\n\t\t<div class=\"elementor-element elementor-element-25fce7b e-con-full e-flex e-con e-child\" data-id=\"25fce7b\" data-element_type=\"container\">\n\t\t\t\t<div class=\"elementor-element elementor-element-b559ea2 elementor-widget elementor-widget-spacer\" data-id=\"b559ea2\" data-element_type=\"widget\" data-widget_type=\"spacer.default\">\n\t\t\t\t\t\t\t<div class=\"elementor-spacer\">\n\t\t\t<div class=\"elementor-spacer-inner\"><\/div>\n\t\t<\/div>\n\t\t\t\t\t\t<\/div>\n\t\t\t\t<div class=\"elementor-element elementor-element-65a03d9 elementor-widget elementor-widget-heading\" data-id=\"65a03d9\" data-element_type=\"widget\" data-widget_type=\"heading.default\">\n\t\t\t\t\t<h2 class=\"elementor-heading-title elementor-size-default\">PRINCIPALES PROYECTOS DESARROLLADOS POR ABAX Y BULAU<\/h2>\t\t\t\t<\/div>\n\t\t\t\t<\/div>\n\t\t\t\t<\/div>\n\t\t<div class=\"elementor-element elementor-element-4e971f1 e-con-full e-flex e-con e-child\" data-id=\"4e971f1\" data-element_type=\"container\">\n\t\t<div class=\"elementor-element elementor-element-76526a4 e-con-full e-flex e-con e-child\" data-id=\"76526a4\" data-element_type=\"container\">\n\t\t\t\t<div class=\"elementor-element elementor-element-8f00a86 elementor-widget-tablet__width-initial elementor-widget elementor-widget-gallery\" data-id=\"8f00a86\" data-element_type=\"widget\" data-settings=\"{&quot;columns&quot;:1,&quot;gap&quot;:{&quot;unit&quot;:&quot;px&quot;,&quot;size&quot;:0,&quot;sizes&quot;:[]},&quot;aspect_ratio&quot;:&quot;16:9&quot;,&quot;overlay_description&quot;:&quot;description&quot;,&quot;columns_tablet&quot;:1,&quot;lazyload&quot;:&quot;yes&quot;,&quot;gallery_layout&quot;:&quot;grid&quot;,&quot;columns_mobile&quot;:1,&quot;gap_widescreen&quot;:{&quot;unit&quot;:&quot;px&quot;,&quot;size&quot;:&quot;&quot;,&quot;sizes&quot;:[]},&quot;gap_laptop&quot;:{&quot;unit&quot;:&quot;px&quot;,&quot;size&quot;:10,&quot;sizes&quot;:[]},&quot;gap_tablet&quot;:{&quot;unit&quot;:&quot;px&quot;,&quot;size&quot;:10,&quot;sizes&quot;:[]},&quot;gap_mobile&quot;:{&quot;unit&quot;:&quot;px&quot;,&quot;size&quot;:10,&quot;sizes&quot;:[]},&quot;overlay_background&quot;:&quot;yes&quot;,&quot;content_hover_animation&quot;:&quot;fade-in&quot;}\" data-widget_type=\"gallery.default\">\n\t\t\t\t\t\t\t<div class=\"elementor-gallery__container\">\n\t\t\t\t\t\t\t<div class=\"e-gallery-item elementor-gallery-item elementor-animated-content\">\n\t\t\t\t\t<div class=\"e-gallery-image elementor-gallery-item__image\" data-thumbnail=\"https:\/\/tahr.mx\/wp-content\/uploads\/2025\/06\/AX-R-34.jpg\" data-width=\"2000\" data-height=\"1200\" aria-label=\"TAHR_Residential_Monte_Alto_Valle_de_Bravo_01\" role=\"img\" ><\/div>\n\t\t\t\t\t\t\t\t\t\t\t<div class=\"elementor-gallery-item__overlay\"><\/div>\n\t\t\t\t\t\t\t\t\t\t\t\t\t\t\t<div class=\"elementor-gallery-item__content\">\n\t\t\t\t\t\t\t\t\t\t\t\t\t\t<div class=\"elementor-gallery-item__description\">\n\t\t\t\t\t\t\t\t\t\t\t\t\t\t\t\t\t\t<b>Nombre del Proyecto: <\/b>Casa Monte Alto<br><b>A\u00f1o: <\/b>2023<br><b>Ubicaci\u00f3n: <\/b>Valle de Bravo, Estado de M\u00e9xico<br><b>Proyecto por: <\/b>ABAX<br><b>Cr\u00e9ditos: <\/b>Fernando de Haro, Jes\u00fas Fern\u00e1ndez, Pablo Blasco\t\t\t\t\t\t\t\t<\/div>\n\t\t\t\t\t\t\t\t\t\t\t\t<\/div>\n\t\t\t\t\t\t\t\t\t<\/div>\n\t\t\t\t\t<\/div>\n\t\t\t\t\t<\/div>\n\t\t\t\t<\/div>\n\t\t<div class=\"elementor-element elementor-element-a83264a e-con-full e-flex e-con e-child\" data-id=\"a83264a\" data-element_type=\"container\">\n\t\t\t\t<div class=\"elementor-element elementor-element-2297420 elementor-widget-tablet__width-initial elementor-widget elementor-widget-gallery\" data-id=\"2297420\" data-element_type=\"widget\" data-settings=\"{&quot;columns&quot;:1,&quot;gap&quot;:{&quot;unit&quot;:&quot;px&quot;,&quot;size&quot;:0,&quot;sizes&quot;:[]},&quot;aspect_ratio&quot;:&quot;16:9&quot;,&quot;overlay_description&quot;:&quot;description&quot;,&quot;columns_tablet&quot;:1,&quot;lazyload&quot;:&quot;yes&quot;,&quot;gallery_layout&quot;:&quot;grid&quot;,&quot;columns_mobile&quot;:1,&quot;gap_widescreen&quot;:{&quot;unit&quot;:&quot;px&quot;,&quot;size&quot;:&quot;&quot;,&quot;sizes&quot;:[]},&quot;gap_laptop&quot;:{&quot;unit&quot;:&quot;px&quot;,&quot;size&quot;:10,&quot;sizes&quot;:[]},&quot;gap_tablet&quot;:{&quot;unit&quot;:&quot;px&quot;,&quot;size&quot;:10,&quot;sizes&quot;:[]},&quot;gap_mobile&quot;:{&quot;unit&quot;:&quot;px&quot;,&quot;size&quot;:10,&quot;sizes&quot;:[]},&quot;overlay_background&quot;:&quot;yes&quot;,&quot;content_hover_animation&quot;:&quot;fade-in&quot;}\" data-widget_type=\"gallery.default\">\n\t\t\t\t\t\t\t<div class=\"elementor-gallery__container\">\n\t\t\t\t\t\t\t<div class=\"e-gallery-item elementor-gallery-item elementor-animated-content\">\n\t\t\t\t\t<div class=\"e-gallery-image elementor-gallery-item__image\" data-thumbnail=\"https:\/\/tahr.mx\/wp-content\/uploads\/2025\/06\/Foto-principal-1-1-scaled.jpg\" data-width=\"2560\" data-height=\"1440\" aria-label=\"TAHR_Interiors_Club_de_Raquetas_Boques_Fase_2_01\" role=\"img\" ><\/div>\n\t\t\t\t\t\t\t\t\t\t\t<div class=\"elementor-gallery-item__overlay\"><\/div>\n\t\t\t\t\t\t\t\t\t\t\t\t\t\t\t<div class=\"elementor-gallery-item__content\">\n\t\t\t\t\t\t\t\t\t\t\t\t\t\t<div class=\"elementor-gallery-item__description\">\n\t\t\t\t\t\t\t\t\t\t\t\t\t\t\t\t\t\t<b>Nombre del Proyecto: <\/b>Club Raqueta Bosques Fase II - Remodelaci\u00f3n Planta Baja<br><b>A\u00f1o: <\/b>2023<br><b>Ubicaci\u00f3n: <\/b>Ciudad de M\u00e9xico, M\u00e9xico<br><b>Proyecto por: <\/b>ABAX<br><b>Cr\u00e9ditos: <\/b>Fernando de Haro, Jes\u00fas Fern\u00e1ndez, Pablo Blasco, Sof\u00eda Bezaury y Alejandra Ezkauriatza\t\t\t\t\t\t\t\t<\/div>\n\t\t\t\t\t\t\t\t\t\t\t\t<\/div>\n\t\t\t\t\t\t\t\t\t<\/div>\n\t\t\t\t\t<\/div>\n\t\t\t\t\t<\/div>\n\t\t\t\t<\/div>\n\t\t<div class=\"elementor-element elementor-element-d68bd30 e-con-full e-flex e-con e-child\" data-id=\"d68bd30\" data-element_type=\"container\">\n\t\t\t\t<div class=\"elementor-element elementor-element-1bd3dcf elementor-widget-tablet__width-initial elementor-widget elementor-widget-gallery\" data-id=\"1bd3dcf\" data-element_type=\"widget\" data-settings=\"{&quot;columns&quot;:1,&quot;gap&quot;:{&quot;unit&quot;:&quot;px&quot;,&quot;size&quot;:0,&quot;sizes&quot;:[]},&quot;aspect_ratio&quot;:&quot;16:9&quot;,&quot;overlay_description&quot;:&quot;description&quot;,&quot;columns_tablet&quot;:1,&quot;lazyload&quot;:&quot;yes&quot;,&quot;gallery_layout&quot;:&quot;grid&quot;,&quot;columns_mobile&quot;:1,&quot;gap_widescreen&quot;:{&quot;unit&quot;:&quot;px&quot;,&quot;size&quot;:&quot;&quot;,&quot;sizes&quot;:[]},&quot;gap_laptop&quot;:{&quot;unit&quot;:&quot;px&quot;,&quot;size&quot;:10,&quot;sizes&quot;:[]},&quot;gap_tablet&quot;:{&quot;unit&quot;:&quot;px&quot;,&quot;size&quot;:10,&quot;sizes&quot;:[]},&quot;gap_mobile&quot;:{&quot;unit&quot;:&quot;px&quot;,&quot;size&quot;:10,&quot;sizes&quot;:[]},&quot;overlay_background&quot;:&quot;yes&quot;,&quot;content_hover_animation&quot;:&quot;fade-in&quot;}\" data-widget_type=\"gallery.default\">\n\t\t\t\t\t\t\t<div class=\"elementor-gallery__container\">\n\t\t\t\t\t\t\t<div class=\"e-gallery-item elementor-gallery-item elementor-animated-content\">\n\t\t\t\t\t<div class=\"e-gallery-image elementor-gallery-item__image\" data-thumbnail=\"https:\/\/tahr.mx\/wp-content\/uploads\/2023\/12\/00-ICONO-R-2_6-scaled.jpeg\" data-width=\"1722\" data-height=\"2560\" aria-label=\"TAHR_Housing_Development_TEOL_01\" role=\"img\" ><\/div>\n\t\t\t\t\t\t\t\t\t\t\t<div class=\"elementor-gallery-item__overlay\"><\/div>\n\t\t\t\t\t\t\t\t\t\t\t\t\t\t\t<div class=\"elementor-gallery-item__content\">\n\t\t\t\t\t\t\t\t\t\t\t\t\t\t<div class=\"elementor-gallery-item__description\">\n\t\t\t\t\t\t\t\t\t\t\t\t\t\t\t\t\t\t<b>Nombre del Proyecto: <\/b>TEOL<br><b>A\u00f1o: <\/b>2022<br><b>Ubicaci\u00f3n: <\/b>Ciudad de M\u00e9xico, M\u00e9xico<br><b>Proyecto por: <\/b>ABAX<br><b>Cr\u00e9ditos: <\/b>Fernando de Haro, Jes\u00fas Fern\u00e1ndez, Pablo Blasco, Sof\u00eda Bezaury\t\t\t\t\t\t\t\t<\/div>\n\t\t\t\t\t\t\t\t\t\t\t\t<\/div>\n\t\t\t\t\t\t\t\t\t<\/div>\n\t\t\t\t\t<\/div>\n\t\t\t\t\t<\/div>\n\t\t\t\t<\/div>\n\t\t\t\t<\/div>\n\t\t<div class=\"elementor-element elementor-element-b474978 e-con-full e-flex e-con e-child\" data-id=\"b474978\" data-element_type=\"container\">\n\t\t<div class=\"elementor-element elementor-element-3cec71a e-con-full e-flex e-con e-child\" data-id=\"3cec71a\" data-element_type=\"container\">\n\t\t\t\t<div class=\"elementor-element elementor-element-c17dc6b elementor-widget-tablet__width-initial elementor-widget elementor-widget-gallery\" data-id=\"c17dc6b\" data-element_type=\"widget\" data-settings=\"{&quot;columns&quot;:1,&quot;gap&quot;:{&quot;unit&quot;:&quot;px&quot;,&quot;size&quot;:0,&quot;sizes&quot;:[]},&quot;aspect_ratio&quot;:&quot;16:9&quot;,&quot;overlay_description&quot;:&quot;description&quot;,&quot;columns_tablet&quot;:1,&quot;lazyload&quot;:&quot;yes&quot;,&quot;gallery_layout&quot;:&quot;grid&quot;,&quot;columns_mobile&quot;:1,&quot;gap_widescreen&quot;:{&quot;unit&quot;:&quot;px&quot;,&quot;size&quot;:&quot;&quot;,&quot;sizes&quot;:[]},&quot;gap_laptop&quot;:{&quot;unit&quot;:&quot;px&quot;,&quot;size&quot;:10,&quot;sizes&quot;:[]},&quot;gap_tablet&quot;:{&quot;unit&quot;:&quot;px&quot;,&quot;size&quot;:10,&quot;sizes&quot;:[]},&quot;gap_mobile&quot;:{&quot;unit&quot;:&quot;px&quot;,&quot;size&quot;:10,&quot;sizes&quot;:[]},&quot;overlay_background&quot;:&quot;yes&quot;,&quot;content_hover_animation&quot;:&quot;fade-in&quot;}\" data-widget_type=\"gallery.default\">\n\t\t\t\t\t\t\t<div class=\"elementor-gallery__container\">\n\t\t\t\t\t\t\t<div class=\"e-gallery-item elementor-gallery-item elementor-animated-content\">\n\t\t\t\t\t<div class=\"e-gallery-image elementor-gallery-item__image\" data-thumbnail=\"https:\/\/tahr.mx\/wp-content\/uploads\/2025\/06\/BL-ID-06-scaled.jpg\" data-width=\"2560\" data-height=\"1707\" aria-label=\"TAHR_Interiors_Lobby_R444_Ciudad_de_Mexico_01\" role=\"img\" ><\/div>\n\t\t\t\t\t\t\t\t\t\t\t<div class=\"elementor-gallery-item__overlay\"><\/div>\n\t\t\t\t\t\t\t\t\t\t\t\t\t\t\t<div class=\"elementor-gallery-item__content\">\n\t\t\t\t\t\t\t\t\t\t\t\t\t\t<div class=\"elementor-gallery-item__description\">\n\t\t\t\t\t\t\t\t\t\t\t\t\t\t\t\t\t\t<b>Nombre del Proyecto: <\/b>Lobby R444<br><b>A\u00f1o: <\/b>2021<br><b>Ubicaci\u00f3n: <\/b>Ciudad de M\u00e9xico, M\u00e9xico<br><b>Proyecto por: <\/b>BulAu<br><b>Cr\u00e9ditos: <\/b>H\u00e9ctor de la Pe\u00f1a\t\t\t\t\t\t\t\t<\/div>\n\t\t\t\t\t\t\t\t\t\t\t\t<\/div>\n\t\t\t\t\t\t\t\t\t<\/div>\n\t\t\t\t\t<\/div>\n\t\t\t\t\t<\/div>\n\t\t\t\t<\/div>\n\t\t<div class=\"elementor-element elementor-element-921914d e-con-full e-flex e-con e-child\" data-id=\"921914d\" data-element_type=\"container\">\n\t\t\t\t<div class=\"elementor-element elementor-element-caa9733 elementor-widget-tablet__width-initial elementor-widget elementor-widget-gallery\" data-id=\"caa9733\" data-element_type=\"widget\" data-settings=\"{&quot;columns&quot;:1,&quot;gap&quot;:{&quot;unit&quot;:&quot;px&quot;,&quot;size&quot;:0,&quot;sizes&quot;:[]},&quot;aspect_ratio&quot;:&quot;16:9&quot;,&quot;overlay_description&quot;:&quot;description&quot;,&quot;columns_tablet&quot;:1,&quot;lazyload&quot;:&quot;yes&quot;,&quot;gallery_layout&quot;:&quot;grid&quot;,&quot;columns_mobile&quot;:1,&quot;gap_widescreen&quot;:{&quot;unit&quot;:&quot;px&quot;,&quot;size&quot;:&quot;&quot;,&quot;sizes&quot;:[]},&quot;gap_laptop&quot;:{&quot;unit&quot;:&quot;px&quot;,&quot;size&quot;:10,&quot;sizes&quot;:[]},&quot;gap_tablet&quot;:{&quot;unit&quot;:&quot;px&quot;,&quot;size&quot;:10,&quot;sizes&quot;:[]},&quot;gap_mobile&quot;:{&quot;unit&quot;:&quot;px&quot;,&quot;size&quot;:10,&quot;sizes&quot;:[]},&quot;overlay_background&quot;:&quot;yes&quot;,&quot;content_hover_animation&quot;:&quot;fade-in&quot;}\" data-widget_type=\"gallery.default\">\n\t\t\t\t\t\t\t<div class=\"elementor-gallery__container\">\n\t\t\t\t\t\t\t<div class=\"e-gallery-item elementor-gallery-item elementor-animated-content\">\n\t\t\t\t\t<div class=\"e-gallery-image elementor-gallery-item__image\" data-thumbnail=\"https:\/\/tahr.mx\/wp-content\/uploads\/2025\/06\/18-scaled.jpg\" data-width=\"2560\" data-height=\"1709\" aria-label=\"TAHR_Residential_La_Rocia_Valle_de_Bravo_01\" role=\"img\" ><\/div>\n\t\t\t\t\t\t\t\t\t\t\t<div class=\"elementor-gallery-item__overlay\"><\/div>\n\t\t\t\t\t\t\t\t\t\t\t\t\t\t\t<div class=\"elementor-gallery-item__content\">\n\t\t\t\t\t\t\t\t\t\t\t\t\t\t<div class=\"elementor-gallery-item__description\">\n\t\t\t\t\t\t\t\t\t\t\t\t\t\t\t\t\t\t<b>Nombre del Proyecto: <\/b>La Roc\u00eda<br><b>A\u00f1o: <\/b>2021<br><b>Ubicaci\u00f3n: <\/b>Valle de Bravo, Estado de M\u00e9xico<br><b>Proyecto por: <\/b>ABAX<br><b>Cr\u00e9ditos: <\/b>Fernando de Haro, Jes\u00fas Fern\u00e1ndez, Pablo Blasco y Fernanda Maurer\t\t\t\t\t\t\t\t<\/div>\n\t\t\t\t\t\t\t\t\t\t\t\t<\/div>\n\t\t\t\t\t\t\t\t\t<\/div>\n\t\t\t\t\t<\/div>\n\t\t\t\t\t<\/div>\n\t\t\t\t<\/div>\n\t\t<div class=\"elementor-element elementor-element-65c815b e-con-full e-flex e-con e-child\" data-id=\"65c815b\" data-element_type=\"container\">\n\t\t\t\t<div class=\"elementor-element elementor-element-ebc43a5 elementor-widget-tablet__width-initial elementor-widget elementor-widget-gallery\" data-id=\"ebc43a5\" data-element_type=\"widget\" data-settings=\"{&quot;columns&quot;:1,&quot;gap&quot;:{&quot;unit&quot;:&quot;px&quot;,&quot;size&quot;:0,&quot;sizes&quot;:[]},&quot;aspect_ratio&quot;:&quot;16:9&quot;,&quot;overlay_description&quot;:&quot;description&quot;,&quot;columns_tablet&quot;:1,&quot;lazyload&quot;:&quot;yes&quot;,&quot;gallery_layout&quot;:&quot;grid&quot;,&quot;columns_mobile&quot;:1,&quot;gap_widescreen&quot;:{&quot;unit&quot;:&quot;px&quot;,&quot;size&quot;:&quot;&quot;,&quot;sizes&quot;:[]},&quot;gap_laptop&quot;:{&quot;unit&quot;:&quot;px&quot;,&quot;size&quot;:10,&quot;sizes&quot;:[]},&quot;gap_tablet&quot;:{&quot;unit&quot;:&quot;px&quot;,&quot;size&quot;:10,&quot;sizes&quot;:[]},&quot;gap_mobile&quot;:{&quot;unit&quot;:&quot;px&quot;,&quot;size&quot;:10,&quot;sizes&quot;:[]},&quot;overlay_background&quot;:&quot;yes&quot;,&quot;content_hover_animation&quot;:&quot;fade-in&quot;}\" data-widget_type=\"gallery.default\">\n\t\t\t\t\t\t\t<div class=\"elementor-gallery__container\">\n\t\t\t\t\t\t\t<div class=\"e-gallery-item elementor-gallery-item elementor-animated-content\">\n\t\t\t\t\t<div class=\"e-gallery-image elementor-gallery-item__image\" data-thumbnail=\"https:\/\/tahr.mx\/wp-content\/uploads\/2025\/06\/AX-R-32.jpg\" data-width=\"1333\" data-height=\"2000\" aria-label=\"TAHR_Residential_Casa_Icacos_Ciudad_de_Mexico_01\" role=\"img\" ><\/div>\n\t\t\t\t\t\t\t\t\t\t\t<div class=\"elementor-gallery-item__overlay\"><\/div>\n\t\t\t\t\t\t\t\t\t\t\t\t\t\t\t<div class=\"elementor-gallery-item__content\">\n\t\t\t\t\t\t\t\t\t\t\t\t\t\t<div class=\"elementor-gallery-item__description\">\n\t\t\t\t\t\t\t\t\t\t\t\t\t\t\t\t\t\t<b>Nombre del Proyecto: <\/b>Casa Icacos <br><b>A\u00f1o: <\/b>2020<br><b>Ubicaci\u00f3n: <\/b>Ciudad de M\u00e9xico, M\u00e9xico<br><b>Proyecto por: <\/b>ABAX<br><b>Cr\u00e9ditos: <\/b>Fernando de Haro, Jes\u00fas Fern\u00e1ndez, Pablo Blasco\t\t\t\t\t\t\t\t<\/div>\n\t\t\t\t\t\t\t\t\t\t\t\t<\/div>\n\t\t\t\t\t\t\t\t\t<\/div>\n\t\t\t\t\t<\/div>\n\t\t\t\t\t<\/div>\n\t\t\t\t<\/div>\n\t\t\t\t<\/div>\n\t\t<div class=\"elementor-element elementor-element-2405b97 e-con-full e-flex e-con e-child\" data-id=\"2405b97\" data-element_type=\"container\">\n\t\t<div class=\"elementor-element elementor-element-ae42231 e-con-full e-flex e-con e-child\" data-id=\"ae42231\" data-element_type=\"container\">\n\t\t\t\t<div class=\"elementor-element elementor-element-b25283a elementor-widget-tablet__width-initial elementor-widget elementor-widget-gallery\" data-id=\"b25283a\" data-element_type=\"widget\" data-settings=\"{&quot;columns&quot;:1,&quot;gap&quot;:{&quot;unit&quot;:&quot;px&quot;,&quot;size&quot;:0,&quot;sizes&quot;:[]},&quot;aspect_ratio&quot;:&quot;16:9&quot;,&quot;overlay_description&quot;:&quot;description&quot;,&quot;columns_tablet&quot;:1,&quot;lazyload&quot;:&quot;yes&quot;,&quot;gallery_layout&quot;:&quot;grid&quot;,&quot;columns_mobile&quot;:1,&quot;gap_widescreen&quot;:{&quot;unit&quot;:&quot;px&quot;,&quot;size&quot;:&quot;&quot;,&quot;sizes&quot;:[]},&quot;gap_laptop&quot;:{&quot;unit&quot;:&quot;px&quot;,&quot;size&quot;:10,&quot;sizes&quot;:[]},&quot;gap_tablet&quot;:{&quot;unit&quot;:&quot;px&quot;,&quot;size&quot;:10,&quot;sizes&quot;:[]},&quot;gap_mobile&quot;:{&quot;unit&quot;:&quot;px&quot;,&quot;size&quot;:10,&quot;sizes&quot;:[]},&quot;overlay_background&quot;:&quot;yes&quot;,&quot;content_hover_animation&quot;:&quot;fade-in&quot;}\" data-widget_type=\"gallery.default\">\n\t\t\t\t\t\t\t<div class=\"elementor-gallery__container\">\n\t\t\t\t\t\t\t<div class=\"e-gallery-item elementor-gallery-item elementor-animated-content\">\n\t\t\t\t\t<div class=\"e-gallery-image elementor-gallery-item__image\" data-thumbnail=\"https:\/\/tahr.mx\/wp-content\/uploads\/2025\/06\/17.jpg\" data-width=\"2000\" data-height=\"1190\" aria-label=\"TAHR_Housing_Development_Alcada_01\" role=\"img\" ><\/div>\n\t\t\t\t\t\t\t\t\t\t\t<div class=\"elementor-gallery-item__overlay\"><\/div>\n\t\t\t\t\t\t\t\t\t\t\t\t\t\t\t<div class=\"elementor-gallery-item__content\">\n\t\t\t\t\t\t\t\t\t\t\t\t\t\t<div class=\"elementor-gallery-item__description\">\n\t\t\t\t\t\t\t\t\t\t\t\t\t\t\t\t\t\t<b>Nombre del Proyecto: <\/b>Alcada<br>A\u00f1o: <\/b>2020<br><b>Ubicaci\u00f3n: <\/b>Ciudad de M\u00e9xico, M\u00e9xico<br><b>Proyecto por: <\/b>ABAX<br><b>Cr\u00e9ditos: <\/b>Fernando de Haro, Jes\u00fas Fern\u00e1ndez, Pablo Blasco\t\t\t\t\t\t\t\t<\/div>\n\t\t\t\t\t\t\t\t\t\t\t\t<\/div>\n\t\t\t\t\t\t\t\t\t<\/div>\n\t\t\t\t\t<\/div>\n\t\t\t\t\t<\/div>\n\t\t\t\t<\/div>\n\t\t<div class=\"elementor-element elementor-element-a4af90a e-con-full e-flex e-con e-child\" data-id=\"a4af90a\" data-element_type=\"container\">\n\t\t\t\t<div class=\"elementor-element elementor-element-dac58ad elementor-widget-tablet__width-initial elementor-widget elementor-widget-gallery\" data-id=\"dac58ad\" data-element_type=\"widget\" data-settings=\"{&quot;columns&quot;:1,&quot;gap&quot;:{&quot;unit&quot;:&quot;px&quot;,&quot;size&quot;:0,&quot;sizes&quot;:[]},&quot;aspect_ratio&quot;:&quot;16:9&quot;,&quot;overlay_description&quot;:&quot;description&quot;,&quot;columns_tablet&quot;:1,&quot;lazyload&quot;:&quot;yes&quot;,&quot;gallery_layout&quot;:&quot;grid&quot;,&quot;columns_mobile&quot;:1,&quot;gap_widescreen&quot;:{&quot;unit&quot;:&quot;px&quot;,&quot;size&quot;:&quot;&quot;,&quot;sizes&quot;:[]},&quot;gap_laptop&quot;:{&quot;unit&quot;:&quot;px&quot;,&quot;size&quot;:10,&quot;sizes&quot;:[]},&quot;gap_tablet&quot;:{&quot;unit&quot;:&quot;px&quot;,&quot;size&quot;:10,&quot;sizes&quot;:[]},&quot;gap_mobile&quot;:{&quot;unit&quot;:&quot;px&quot;,&quot;size&quot;:10,&quot;sizes&quot;:[]},&quot;overlay_background&quot;:&quot;yes&quot;,&quot;content_hover_animation&quot;:&quot;fade-in&quot;}\" data-widget_type=\"gallery.default\">\n\t\t\t\t\t\t\t<div class=\"elementor-gallery__container\">\n\t\t\t\t\t\t\t<div class=\"e-gallery-item elementor-gallery-item elementor-animated-content\">\n\t\t\t\t\t<div class=\"e-gallery-image elementor-gallery-item__image\" data-thumbnail=\"https:\/\/tahr.mx\/wp-content\/uploads\/2025\/06\/AX-H-01-scaled.jpg\" data-width=\"1864\" data-height=\"2560\" aria-label=\"TAHR_Hospitality_Zadun_a_Ritz_Carlton_Reserve_Los_Cabos_01\" role=\"img\" ><\/div>\n\t\t\t\t\t\t\t\t\t\t\t<div class=\"elementor-gallery-item__overlay\"><\/div>\n\t\t\t\t\t\t\t\t\t\t\t\t\t\t\t<div class=\"elementor-gallery-item__content\">\n\t\t\t\t\t\t\t\t\t\t\t\t\t\t<div class=\"elementor-gallery-item__description\">\n\t\t\t\t\t\t\t\t\t\t\t\t\t\t\t\t\t\t<b>Nombre del Proyecto: <\/b>Zad\u00fan, a Ritz Carlton Reserve<br><b>A\u00f1o: <\/b>2019<br><b>Ubicaci\u00f3n: <\/b>Los Cabos, Baja California Sur<br><b>Proyecto por: <\/b>ABAX<br><b>Cr\u00e9ditos: <\/b>Fernando de Haro, Jes\u00fas Fern\u00e1ndez, Pablo Blasco, Sof\u00eda Bezaury\t\t\t\t\t\t\t\t<\/div>\n\t\t\t\t\t\t\t\t\t\t\t\t<\/div>\n\t\t\t\t\t\t\t\t\t<\/div>\n\t\t\t\t\t<\/div>\n\t\t\t\t\t<\/div>\n\t\t\t\t<\/div>\n\t\t<div class=\"elementor-element elementor-element-060f55a e-con-full e-flex e-con e-child\" data-id=\"060f55a\" data-element_type=\"container\">\n\t\t\t\t<div class=\"elementor-element elementor-element-1fd2b82 elementor-widget-tablet__width-initial elementor-widget elementor-widget-gallery\" data-id=\"1fd2b82\" data-element_type=\"widget\" data-settings=\"{&quot;columns&quot;:1,&quot;gap&quot;:{&quot;unit&quot;:&quot;px&quot;,&quot;size&quot;:0,&quot;sizes&quot;:[]},&quot;aspect_ratio&quot;:&quot;16:9&quot;,&quot;overlay_description&quot;:&quot;description&quot;,&quot;columns_tablet&quot;:1,&quot;lazyload&quot;:&quot;yes&quot;,&quot;gallery_layout&quot;:&quot;grid&quot;,&quot;columns_mobile&quot;:1,&quot;gap_widescreen&quot;:{&quot;unit&quot;:&quot;px&quot;,&quot;size&quot;:&quot;&quot;,&quot;sizes&quot;:[]},&quot;gap_laptop&quot;:{&quot;unit&quot;:&quot;px&quot;,&quot;size&quot;:10,&quot;sizes&quot;:[]},&quot;gap_tablet&quot;:{&quot;unit&quot;:&quot;px&quot;,&quot;size&quot;:10,&quot;sizes&quot;:[]},&quot;gap_mobile&quot;:{&quot;unit&quot;:&quot;px&quot;,&quot;size&quot;:10,&quot;sizes&quot;:[]},&quot;overlay_background&quot;:&quot;yes&quot;,&quot;content_hover_animation&quot;:&quot;fade-in&quot;}\" data-widget_type=\"gallery.default\">\n\t\t\t\t\t\t\t<div class=\"elementor-gallery__container\">\n\t\t\t\t\t\t\t<div class=\"e-gallery-item elementor-gallery-item elementor-animated-content\">\n\t\t\t\t\t<div class=\"e-gallery-image elementor-gallery-item__image\" data-thumbnail=\"https:\/\/tahr.mx\/wp-content\/uploads\/2025\/06\/AX-ID-06-scaled.jpg\" data-width=\"2560\" data-height=\"1709\" aria-label=\"TAHR_Interiors_NH_Hotel_Santa_Fe_01\" role=\"img\" ><\/div>\n\t\t\t\t\t\t\t\t\t\t\t<div class=\"elementor-gallery-item__overlay\"><\/div>\n\t\t\t\t\t\t\t\t\t\t\t\t\t\t\t<div class=\"elementor-gallery-item__content\">\n\t\t\t\t\t\t\t\t\t\t\t\t\t\t<div class=\"elementor-gallery-item__description\">\n\t\t\t\t\t\t\t\t\t\t\t\t\t\t\t\t\t\t<b>Nombre del Proyecto: <\/b>NH Santa Fe Remodelaci\u00f3n Lobby<br><b>A\u00f1o: <\/b>2019<br><b>Ubicaci\u00f3n: <\/b>Ciudad de M\u00e9xico, M\u00e9xico<br><b>Proyecto por: <\/b>ABAX<br><b>Cr\u00e9ditos: <\/b>Fernando de Haro, Jes\u00fas Fern\u00e1ndez, Pablo Blasco, Sof\u00eda Bezaury\t\t\t\t\t\t\t\t<\/div>\n\t\t\t\t\t\t\t\t\t\t\t\t<\/div>\n\t\t\t\t\t\t\t\t\t<\/div>\n\t\t\t\t\t<\/div>\n\t\t\t\t\t<\/div>\n\t\t\t\t<\/div>\n\t\t\t\t<\/div>\n\t\t<div class=\"elementor-element elementor-element-ce6a3e7 e-con-full e-flex e-con e-child\" data-id=\"ce6a3e7\" data-element_type=\"container\">\n\t\t<div class=\"elementor-element elementor-element-af4ab61 e-con-full e-flex e-con e-child\" data-id=\"af4ab61\" data-element_type=\"container\">\n\t\t\t\t<div class=\"elementor-element elementor-element-c701f3b elementor-widget-tablet__width-initial elementor-widget elementor-widget-gallery\" data-id=\"c701f3b\" data-element_type=\"widget\" data-settings=\"{&quot;columns&quot;:1,&quot;gap&quot;:{&quot;unit&quot;:&quot;px&quot;,&quot;size&quot;:0,&quot;sizes&quot;:[]},&quot;aspect_ratio&quot;:&quot;16:9&quot;,&quot;overlay_description&quot;:&quot;description&quot;,&quot;columns_tablet&quot;:1,&quot;lazyload&quot;:&quot;yes&quot;,&quot;gallery_layout&quot;:&quot;grid&quot;,&quot;columns_mobile&quot;:1,&quot;gap_widescreen&quot;:{&quot;unit&quot;:&quot;px&quot;,&quot;size&quot;:&quot;&quot;,&quot;sizes&quot;:[]},&quot;gap_laptop&quot;:{&quot;unit&quot;:&quot;px&quot;,&quot;size&quot;:10,&quot;sizes&quot;:[]},&quot;gap_tablet&quot;:{&quot;unit&quot;:&quot;px&quot;,&quot;size&quot;:10,&quot;sizes&quot;:[]},&quot;gap_mobile&quot;:{&quot;unit&quot;:&quot;px&quot;,&quot;size&quot;:10,&quot;sizes&quot;:[]},&quot;overlay_background&quot;:&quot;yes&quot;,&quot;content_hover_animation&quot;:&quot;fade-in&quot;}\" data-widget_type=\"gallery.default\">\n\t\t\t\t\t\t\t<div class=\"elementor-gallery__container\">\n\t\t\t\t\t\t\t<div class=\"e-gallery-item elementor-gallery-item elementor-animated-content\">\n\t\t\t\t\t<div class=\"e-gallery-image elementor-gallery-item__image\" data-thumbnail=\"https:\/\/tahr.mx\/wp-content\/uploads\/2025\/07\/TAHR_Housing_Development_Aruna_Casas_01.jpg\" data-width=\"2048\" data-height=\"1366\" aria-label=\"TAHR_Housing_Development_Aruna_Casas_01\" role=\"img\" ><\/div>\n\t\t\t\t\t\t\t\t\t\t\t<div class=\"elementor-gallery-item__overlay\"><\/div>\n\t\t\t\t\t\t\t\t\t\t\t\t\t\t\t<div class=\"elementor-gallery-item__content\">\n\t\t\t\t\t\t\t\t\t\t\t\t\t\t<div class=\"elementor-gallery-item__description\">\n\t\t\t\t\t\t\t\t\t\t\t\t\t\t\t\t\t\t<b>Nombre del Proyecto: <\/b>Aruna Casas<br><b>A\u00f1o: <\/b>2019<br><b>Ubicaci\u00f3n: <\/b>Ciudad de M\u00e9xico, M\u00e9xico<br><b>Proyecto por: <\/b>ABAX<br><b>Cr\u00e9ditos: <\/b>Fernando de Haro, Jes\u00fas Fern\u00e1ndez, Bertha Figueroa, Pablo Blasco\t\t\t\t\t\t\t\t<\/div>\n\t\t\t\t\t\t\t\t\t\t\t\t<\/div>\n\t\t\t\t\t\t\t\t\t<\/div>\n\t\t\t\t\t<\/div>\n\t\t\t\t\t<\/div>\n\t\t\t\t<\/div>\n\t\t<div class=\"elementor-element elementor-element-d4930ce e-con-full e-flex e-con e-child\" data-id=\"d4930ce\" data-element_type=\"container\">\n\t\t\t\t<div class=\"elementor-element elementor-element-b85bee7 elementor-widget-tablet__width-initial elementor-widget elementor-widget-gallery\" data-id=\"b85bee7\" data-element_type=\"widget\" data-settings=\"{&quot;columns&quot;:1,&quot;gap&quot;:{&quot;unit&quot;:&quot;px&quot;,&quot;size&quot;:0,&quot;sizes&quot;:[]},&quot;aspect_ratio&quot;:&quot;16:9&quot;,&quot;overlay_description&quot;:&quot;description&quot;,&quot;columns_tablet&quot;:1,&quot;lazyload&quot;:&quot;yes&quot;,&quot;gallery_layout&quot;:&quot;grid&quot;,&quot;columns_mobile&quot;:1,&quot;gap_widescreen&quot;:{&quot;unit&quot;:&quot;px&quot;,&quot;size&quot;:&quot;&quot;,&quot;sizes&quot;:[]},&quot;gap_laptop&quot;:{&quot;unit&quot;:&quot;px&quot;,&quot;size&quot;:10,&quot;sizes&quot;:[]},&quot;gap_tablet&quot;:{&quot;unit&quot;:&quot;px&quot;,&quot;size&quot;:10,&quot;sizes&quot;:[]},&quot;gap_mobile&quot;:{&quot;unit&quot;:&quot;px&quot;,&quot;size&quot;:10,&quot;sizes&quot;:[]},&quot;overlay_background&quot;:&quot;yes&quot;,&quot;content_hover_animation&quot;:&quot;fade-in&quot;}\" data-widget_type=\"gallery.default\">\n\t\t\t\t\t\t\t<div class=\"elementor-gallery__container\">\n\t\t\t\t\t\t\t<div class=\"e-gallery-item elementor-gallery-item elementor-animated-content\">\n\t\t\t\t\t<div class=\"e-gallery-image elementor-gallery-item__image\" data-thumbnail=\"https:\/\/tahr.mx\/wp-content\/uploads\/2025\/06\/AX-R-30-1.jpg\" data-width=\"853\" data-height=\"1024\" aria-label=\"TAHR_Residential_Casa_La_Costera_Valle_de_Bravo_01\" role=\"img\" ><\/div>\n\t\t\t\t\t\t\t\t\t\t\t<div class=\"elementor-gallery-item__overlay\"><\/div>\n\t\t\t\t\t\t\t\t\t\t\t\t\t\t\t<div class=\"elementor-gallery-item__content\">\n\t\t\t\t\t\t\t\t\t\t\t\t\t\t<div class=\"elementor-gallery-item__description\">\n\t\t\t\t\t\t\t\t\t\t\t\t\t\t\t\t\t\t<b>Nombre del Proyecto: <\/b>Casa La Costera<br><b>A\u00f1o: <\/b>2001\/2018<br><b>Ubicaci\u00f3n: <\/b>Valle de Bravo, Estado de M\u00e9xico<br><b>Proyecto por:<\/b>ABAX<br><b>Cr\u00e9ditos: <\/b>Fernando de Haro, Jes\u00fas Fern\u00e1ndez, Bertha Figueroa, Pablo Blasco\t\t\t\t\t\t\t\t<\/div>\n\t\t\t\t\t\t\t\t\t\t\t\t<\/div>\n\t\t\t\t\t\t\t\t\t<\/div>\n\t\t\t\t\t<\/div>\n\t\t\t\t\t<\/div>\n\t\t\t\t<\/div>\n\t\t<div class=\"elementor-element elementor-element-6a97f40 e-con-full e-flex e-con e-child\" data-id=\"6a97f40\" data-element_type=\"container\">\n\t\t\t\t<div class=\"elementor-element elementor-element-6d03918 elementor-widget-tablet__width-initial elementor-widget elementor-widget-gallery\" data-id=\"6d03918\" data-element_type=\"widget\" data-settings=\"{&quot;columns&quot;:1,&quot;gap&quot;:{&quot;unit&quot;:&quot;px&quot;,&quot;size&quot;:0,&quot;sizes&quot;:[]},&quot;aspect_ratio&quot;:&quot;16:9&quot;,&quot;overlay_description&quot;:&quot;description&quot;,&quot;columns_tablet&quot;:1,&quot;lazyload&quot;:&quot;yes&quot;,&quot;gallery_layout&quot;:&quot;grid&quot;,&quot;columns_mobile&quot;:1,&quot;gap_widescreen&quot;:{&quot;unit&quot;:&quot;px&quot;,&quot;size&quot;:&quot;&quot;,&quot;sizes&quot;:[]},&quot;gap_laptop&quot;:{&quot;unit&quot;:&quot;px&quot;,&quot;size&quot;:10,&quot;sizes&quot;:[]},&quot;gap_tablet&quot;:{&quot;unit&quot;:&quot;px&quot;,&quot;size&quot;:10,&quot;sizes&quot;:[]},&quot;gap_mobile&quot;:{&quot;unit&quot;:&quot;px&quot;,&quot;size&quot;:10,&quot;sizes&quot;:[]},&quot;overlay_background&quot;:&quot;yes&quot;,&quot;content_hover_animation&quot;:&quot;fade-in&quot;}\" data-widget_type=\"gallery.default\">\n\t\t\t\t\t\t\t<div class=\"elementor-gallery__container\">\n\t\t\t\t\t\t\t<div class=\"e-gallery-item elementor-gallery-item elementor-animated-content\">\n\t\t\t\t\t<div class=\"e-gallery-image elementor-gallery-item__image\" data-thumbnail=\"https:\/\/tahr.mx\/wp-content\/uploads\/2025\/06\/AX-H-26-scaled.jpg\" data-width=\"1616\" data-height=\"2560\" aria-label=\"TAHR_Hospitality_Kristal_Grand_Suites_01\" role=\"img\" ><\/div>\n\t\t\t\t\t\t\t\t\t\t\t<div class=\"elementor-gallery-item__overlay\"><\/div>\n\t\t\t\t\t\t\t\t\t\t\t\t\t\t\t<div class=\"elementor-gallery-item__content\">\n\t\t\t\t\t\t\t\t\t\t\t\t\t\t<div class=\"elementor-gallery-item__description\">\n\t\t\t\t\t\t\t\t\t\t\t\t\t\t\t\t\t\t<b>Nombre del Proyecto: <\/b>Kristal Grand Suites<br><b>A\u00f1o: <\/b>2018<br><b>Ubicaci\u00f3n: <\/b>Ciudad de M\u00e9xico, M\u00e9xico<br><b>Proyecto por: <\/b>ABAX<br><b>Cr\u00e9ditos: <\/b>Fernando de Haro, Jes\u00fas Fern\u00e1ndez, Bertha Figueroa, Pablo Blasco\t\t\t\t\t\t\t\t<\/div>\n\t\t\t\t\t\t\t\t\t\t\t\t<\/div>\n\t\t\t\t\t\t\t\t\t<\/div>\n\t\t\t\t\t<\/div>\n\t\t\t\t\t<\/div>\n\t\t\t\t<\/div>\n\t\t\t\t<\/div>\n\t\t<div class=\"elementor-element elementor-element-9f311de e-con-full e-flex e-con e-child\" data-id=\"9f311de\" data-element_type=\"container\">\n\t\t<div class=\"elementor-element elementor-element-fec2abc e-con-full e-flex e-con e-child\" data-id=\"fec2abc\" data-element_type=\"container\">\n\t\t\t\t<div class=\"elementor-element elementor-element-8520a5c elementor-widget elementor-widget-gallery\" data-id=\"8520a5c\" data-element_type=\"widget\" data-settings=\"{&quot;columns&quot;:1,&quot;gap&quot;:{&quot;unit&quot;:&quot;px&quot;,&quot;size&quot;:0,&quot;sizes&quot;:[]},&quot;aspect_ratio&quot;:&quot;16:9&quot;,&quot;overlay_description&quot;:&quot;description&quot;,&quot;columns_tablet&quot;:1,&quot;lazyload&quot;:&quot;yes&quot;,&quot;gallery_layout&quot;:&quot;grid&quot;,&quot;columns_mobile&quot;:1,&quot;gap_widescreen&quot;:{&quot;unit&quot;:&quot;px&quot;,&quot;size&quot;:&quot;&quot;,&quot;sizes&quot;:[]},&quot;gap_laptop&quot;:{&quot;unit&quot;:&quot;px&quot;,&quot;size&quot;:10,&quot;sizes&quot;:[]},&quot;gap_tablet&quot;:{&quot;unit&quot;:&quot;px&quot;,&quot;size&quot;:10,&quot;sizes&quot;:[]},&quot;gap_mobile&quot;:{&quot;unit&quot;:&quot;px&quot;,&quot;size&quot;:10,&quot;sizes&quot;:[]},&quot;overlay_background&quot;:&quot;yes&quot;,&quot;content_hover_animation&quot;:&quot;fade-in&quot;}\" data-widget_type=\"gallery.default\">\n\t\t\t\t\t\t\t<div class=\"elementor-gallery__container\">\n\t\t\t\t\t\t\t<div class=\"e-gallery-item elementor-gallery-item elementor-animated-content\">\n\t\t\t\t\t<div class=\"e-gallery-image elementor-gallery-item__image\" data-thumbnail=\"https:\/\/tahr.mx\/wp-content\/uploads\/2025\/06\/AX-R-28.jpg\" data-width=\"1800\" data-height=\"1200\" aria-label=\"TAHR_Residential_Casa_Sodzil_Merida_01\" role=\"img\" ><\/div>\n\t\t\t\t\t\t\t\t\t\t\t<div class=\"elementor-gallery-item__overlay\"><\/div>\n\t\t\t\t\t\t\t\t\t\t\t\t\t\t\t<div class=\"elementor-gallery-item__content\">\n\t\t\t\t\t\t\t\t\t\t\t\t\t\t<div class=\"elementor-gallery-item__description\">\n\t\t\t\t\t\t\t\t\t\t\t\t\t\t\t\t\t\t<b>Nombre del Proyecto: <\/b>Casa Sodzil<br><b>A\u00f1o: <\/b>2018<br><b>Ubicaci\u00f3n: <\/b>M\u00e9rida, Yucat\u00e1n<br><b>Proyecto por: <\/b>ABAX<br><b>Cr\u00e9ditos: <\/b>Fernando de Haro, Jes\u00fas Fern\u00e1ndez, Bertha Figueroa, Pablo Blasco\t\t\t\t\t\t\t\t<\/div>\n\t\t\t\t\t\t\t\t\t\t\t\t<\/div>\n\t\t\t\t\t\t\t\t\t<\/div>\n\t\t\t\t\t<\/div>\n\t\t\t\t\t<\/div>\n\t\t\t\t<\/div>\n\t\t<div class=\"elementor-element elementor-element-d442795 e-con-full e-flex e-con e-child\" data-id=\"d442795\" data-element_type=\"container\">\n\t\t\t\t<div class=\"elementor-element elementor-element-492a963 elementor-widget-tablet__width-initial elementor-widget elementor-widget-gallery\" data-id=\"492a963\" data-element_type=\"widget\" data-settings=\"{&quot;columns&quot;:1,&quot;gap&quot;:{&quot;unit&quot;:&quot;px&quot;,&quot;size&quot;:0,&quot;sizes&quot;:[]},&quot;aspect_ratio&quot;:&quot;16:9&quot;,&quot;overlay_description&quot;:&quot;description&quot;,&quot;columns_tablet&quot;:1,&quot;lazyload&quot;:&quot;yes&quot;,&quot;gallery_layout&quot;:&quot;grid&quot;,&quot;columns_mobile&quot;:1,&quot;gap_widescreen&quot;:{&quot;unit&quot;:&quot;px&quot;,&quot;size&quot;:&quot;&quot;,&quot;sizes&quot;:[]},&quot;gap_laptop&quot;:{&quot;unit&quot;:&quot;px&quot;,&quot;size&quot;:10,&quot;sizes&quot;:[]},&quot;gap_tablet&quot;:{&quot;unit&quot;:&quot;px&quot;,&quot;size&quot;:10,&quot;sizes&quot;:[]},&quot;gap_mobile&quot;:{&quot;unit&quot;:&quot;px&quot;,&quot;size&quot;:10,&quot;sizes&quot;:[]},&quot;overlay_background&quot;:&quot;yes&quot;,&quot;content_hover_animation&quot;:&quot;fade-in&quot;}\" data-widget_type=\"gallery.default\">\n\t\t\t\t\t\t\t<div class=\"elementor-gallery__container\">\n\t\t\t\t\t\t\t<div class=\"e-gallery-item elementor-gallery-item elementor-animated-content\">\n\t\t\t\t\t<div class=\"e-gallery-image elementor-gallery-item__image\" data-thumbnail=\"https:\/\/tahr.mx\/wp-content\/uploads\/2025\/06\/13-scaled.jpg\" data-width=\"2560\" data-height=\"1707\" aria-label=\"TAHR_Master_Plan_Ranchos_el_Jacal_Valle_de_Bravo_01.\" role=\"img\" ><\/div>\n\t\t\t\t\t\t\t\t\t\t\t<div class=\"elementor-gallery-item__overlay\"><\/div>\n\t\t\t\t\t\t\t\t\t\t\t\t\t\t\t<div class=\"elementor-gallery-item__content\">\n\t\t\t\t\t\t\t\t\t\t\t\t\t\t<div class=\"elementor-gallery-item__description\">\n\t\t\t\t\t\t\t\t\t\t\t\t\t\t\t\t\t\t<b>Nombre del Proyecto: <\/b>Ranchos El Jacal<br><b>A\u00f1o: <\/b>2018<br><b>Ubicaci\u00f3n: <\/b>Valle de Bravo, Estado de M\u00e9xico<br><b>Proyecto por: <\/b>ABAX<br><b>Cr\u00e9ditos: <\/b>Fernando de Haro, Jes\u00fas Fern\u00e1ndez, Pablo Blasco\t\t\t\t\t\t\t\t<\/div>\n\t\t\t\t\t\t\t\t\t\t\t\t<\/div>\n\t\t\t\t\t\t\t\t\t<\/div>\n\t\t\t\t\t<\/div>\n\t\t\t\t\t<\/div>\n\t\t\t\t<\/div>\n\t\t<div class=\"elementor-element elementor-element-73b669d e-con-full e-flex e-con e-child\" data-id=\"73b669d\" data-element_type=\"container\">\n\t\t\t\t<div class=\"elementor-element elementor-element-15986a5 elementor-widget-tablet__width-initial elementor-widget elementor-widget-gallery\" data-id=\"15986a5\" data-element_type=\"widget\" data-settings=\"{&quot;columns&quot;:1,&quot;gap&quot;:{&quot;unit&quot;:&quot;px&quot;,&quot;size&quot;:0,&quot;sizes&quot;:[]},&quot;aspect_ratio&quot;:&quot;16:9&quot;,&quot;overlay_description&quot;:&quot;description&quot;,&quot;columns_tablet&quot;:1,&quot;lazyload&quot;:&quot;yes&quot;,&quot;gallery_layout&quot;:&quot;grid&quot;,&quot;columns_mobile&quot;:1,&quot;gap_widescreen&quot;:{&quot;unit&quot;:&quot;px&quot;,&quot;size&quot;:&quot;&quot;,&quot;sizes&quot;:[]},&quot;gap_laptop&quot;:{&quot;unit&quot;:&quot;px&quot;,&quot;size&quot;:10,&quot;sizes&quot;:[]},&quot;gap_tablet&quot;:{&quot;unit&quot;:&quot;px&quot;,&quot;size&quot;:10,&quot;sizes&quot;:[]},&quot;gap_mobile&quot;:{&quot;unit&quot;:&quot;px&quot;,&quot;size&quot;:10,&quot;sizes&quot;:[]},&quot;overlay_background&quot;:&quot;yes&quot;,&quot;content_hover_animation&quot;:&quot;fade-in&quot;}\" data-widget_type=\"gallery.default\">\n\t\t\t\t\t\t\t<div class=\"elementor-gallery__container\">\n\t\t\t\t\t\t\t<div class=\"e-gallery-item elementor-gallery-item elementor-animated-content\">\n\t\t\t\t\t<div class=\"e-gallery-image elementor-gallery-item__image\" data-thumbnail=\"https:\/\/tahr.mx\/wp-content\/uploads\/2025\/06\/14.jpg\" data-width=\"1500\" data-height=\"1000\" aria-label=\"TAHR_Residential_Casa_Travertino_Ciudad_de_Mexico_01\" role=\"img\" ><\/div>\n\t\t\t\t\t\t\t\t\t\t\t<div class=\"elementor-gallery-item__overlay\"><\/div>\n\t\t\t\t\t\t\t\t\t\t\t\t\t\t\t<div class=\"elementor-gallery-item__content\">\n\t\t\t\t\t\t\t\t\t\t\t\t\t\t<div class=\"elementor-gallery-item__description\">\n\t\t\t\t\t\t\t\t\t\t\t\t\t\t\t\t\t\t<b>Nombre del Proyecto: <\/b>Casa Travertino<br><b>A\u00f1o: <\/b>2018<br><b>Ubicaci\u00f3n: <\/b>Ciudad de M\u00e9xico, M\u00e9xico<br><b>Proyecto por: <\/b>ABAX<br><b>Cr\u00e9ditos: <\/b>Fernando de Haro, Jes\u00fas Fern\u00e1ndez, Bertha Figueroa, Pablo Blasco\t\t\t\t\t\t\t\t<\/div>\n\t\t\t\t\t\t\t\t\t\t\t\t<\/div>\n\t\t\t\t\t\t\t\t\t<\/div>\n\t\t\t\t\t<\/div>\n\t\t\t\t\t<\/div>\n\t\t\t\t<\/div>\n\t\t\t\t<\/div>\n\t\t<div class=\"elementor-element elementor-element-699a03d e-con-full e-flex e-con e-child\" data-id=\"699a03d\" data-element_type=\"container\">\n\t\t<div class=\"elementor-element elementor-element-fa70c5a e-con-full e-flex e-con e-child\" data-id=\"fa70c5a\" data-element_type=\"container\">\n\t\t\t\t<div class=\"elementor-element elementor-element-fe727ed elementor-widget-tablet__width-initial elementor-widget elementor-widget-gallery\" data-id=\"fe727ed\" data-element_type=\"widget\" data-settings=\"{&quot;columns&quot;:1,&quot;gap&quot;:{&quot;unit&quot;:&quot;px&quot;,&quot;size&quot;:0,&quot;sizes&quot;:[]},&quot;aspect_ratio&quot;:&quot;16:9&quot;,&quot;overlay_description&quot;:&quot;description&quot;,&quot;columns_tablet&quot;:1,&quot;lazyload&quot;:&quot;yes&quot;,&quot;gallery_layout&quot;:&quot;grid&quot;,&quot;columns_mobile&quot;:1,&quot;gap_widescreen&quot;:{&quot;unit&quot;:&quot;px&quot;,&quot;size&quot;:&quot;&quot;,&quot;sizes&quot;:[]},&quot;gap_laptop&quot;:{&quot;unit&quot;:&quot;px&quot;,&quot;size&quot;:10,&quot;sizes&quot;:[]},&quot;gap_tablet&quot;:{&quot;unit&quot;:&quot;px&quot;,&quot;size&quot;:10,&quot;sizes&quot;:[]},&quot;gap_mobile&quot;:{&quot;unit&quot;:&quot;px&quot;,&quot;size&quot;:10,&quot;sizes&quot;:[]},&quot;overlay_background&quot;:&quot;yes&quot;,&quot;content_hover_animation&quot;:&quot;fade-in&quot;}\" data-widget_type=\"gallery.default\">\n\t\t\t\t\t\t\t<div class=\"elementor-gallery__container\">\n\t\t\t\t\t\t\t<div class=\"e-gallery-item elementor-gallery-item elementor-animated-content\">\n\t\t\t\t\t<div class=\"e-gallery-image elementor-gallery-item__image\" data-thumbnail=\"https:\/\/tahr.mx\/wp-content\/uploads\/2025\/06\/15-scaled.jpg\" data-width=\"2560\" data-height=\"2560\" aria-label=\"TAHR_Residential_Casa_Mapache_Valle_de_Bravo_01\" role=\"img\" ><\/div>\n\t\t\t\t\t\t\t\t\t\t\t<div class=\"elementor-gallery-item__overlay\"><\/div>\n\t\t\t\t\t\t\t\t\t\t\t\t\t\t\t<div class=\"elementor-gallery-item__content\">\n\t\t\t\t\t\t\t\t\t\t\t\t\t\t<div class=\"elementor-gallery-item__description\">\n\t\t\t\t\t\t\t\t\t\t\t\t\t\t\t\t\t\t<b>Nombre del Proyecto: <\/b>Casa Mapache<br><b>A\u00f1o: <\/b>2018<br><b>Ubicaci\u00f3n: <\/b>Valle de Bravo, Estado de M\u00e9xico<br><b>Proyecto por: <\/b>ABAX<br><b>Cr\u00e9ditos: <\/b>Fernando de Haro, Jes\u00fas Fern\u00e1ndez, Bertha Figueroa, Pablo Blasco\t\t\t\t\t\t\t\t<\/div>\n\t\t\t\t\t\t\t\t\t\t\t\t<\/div>\n\t\t\t\t\t\t\t\t\t<\/div>\n\t\t\t\t\t<\/div>\n\t\t\t\t\t<\/div>\n\t\t\t\t<\/div>\n\t\t<div class=\"elementor-element elementor-element-da0d79b e-con-full e-flex e-con e-child\" data-id=\"da0d79b\" data-element_type=\"container\">\n\t\t\t\t<div class=\"elementor-element elementor-element-04e6d04 elementor-widget-tablet__width-initial elementor-widget elementor-widget-gallery\" data-id=\"04e6d04\" data-element_type=\"widget\" data-settings=\"{&quot;columns&quot;:1,&quot;gap&quot;:{&quot;unit&quot;:&quot;px&quot;,&quot;size&quot;:0,&quot;sizes&quot;:[]},&quot;aspect_ratio&quot;:&quot;16:9&quot;,&quot;overlay_description&quot;:&quot;description&quot;,&quot;columns_tablet&quot;:1,&quot;gallery_layout&quot;:&quot;grid&quot;,&quot;columns_mobile&quot;:1,&quot;gap_widescreen&quot;:{&quot;unit&quot;:&quot;px&quot;,&quot;size&quot;:&quot;&quot;,&quot;sizes&quot;:[]},&quot;gap_laptop&quot;:{&quot;unit&quot;:&quot;px&quot;,&quot;size&quot;:10,&quot;sizes&quot;:[]},&quot;gap_tablet&quot;:{&quot;unit&quot;:&quot;px&quot;,&quot;size&quot;:10,&quot;sizes&quot;:[]},&quot;gap_mobile&quot;:{&quot;unit&quot;:&quot;px&quot;,&quot;size&quot;:10,&quot;sizes&quot;:[]},&quot;overlay_background&quot;:&quot;yes&quot;,&quot;content_hover_animation&quot;:&quot;fade-in&quot;}\" data-widget_type=\"gallery.default\">\n\t\t\t\t\t\t\t<div class=\"elementor-gallery__container\">\n\t\t\t\t\t\t\t<div class=\"e-gallery-item elementor-gallery-item elementor-animated-content\">\n\t\t\t\t\t<div class=\"e-gallery-image elementor-gallery-item__image\" data-thumbnail=\"https:\/\/tahr.mx\/wp-content\/uploads\/2025\/07\/TAHR_Residential_West_Enclave_Los_Cabos_01-scaled.jpg\" data-width=\"2560\" data-height=\"1920\" aria-label=\"TAHR_Residential_West_Enclave_Los_Cabos_01\" role=\"img\" ><\/div>\n\t\t\t\t\t\t\t\t\t\t\t<div class=\"elementor-gallery-item__overlay\"><\/div>\n\t\t\t\t\t\t\t\t\t\t\t\t\t\t\t<div class=\"elementor-gallery-item__content\">\n\t\t\t\t\t\t\t\t\t\t\t\t\t\t<div class=\"elementor-gallery-item__description\">\n\t\t\t\t\t\t\t\t\t\t\t\t\t\t\t\t\t\t<b>Nombre del Proyecto: <\/b>West Enclave, a Ritz Carlton Reserve Residences<br><b>A\u00f1o: <\/b>2017<br><b>Ubicaci\u00f3n: <\/b>Los Cabos, Baja California<br><b>Proyecto por: <\/b>ABAX<br><b>Cr\u00e9ditos: <\/b>Fernando de Haro, Jes\u00fas Fern\u00e1ndez, Bertha Figueroa, Pablo Blasco\t\t\t\t\t\t\t\t<\/div>\n\t\t\t\t\t\t\t\t\t\t\t\t<\/div>\n\t\t\t\t\t\t\t\t\t<\/div>\n\t\t\t\t\t<\/div>\n\t\t\t\t\t<\/div>\n\t\t\t\t<\/div>\n\t\t<div class=\"elementor-element elementor-element-4d88fb2 e-con-full e-flex e-con e-child\" data-id=\"4d88fb2\" data-element_type=\"container\">\n\t\t\t\t<div class=\"elementor-element elementor-element-28ddd8c elementor-widget-tablet__width-initial elementor-widget elementor-widget-gallery\" data-id=\"28ddd8c\" data-element_type=\"widget\" data-settings=\"{&quot;columns&quot;:1,&quot;gap&quot;:{&quot;unit&quot;:&quot;px&quot;,&quot;size&quot;:0,&quot;sizes&quot;:[]},&quot;aspect_ratio&quot;:&quot;16:9&quot;,&quot;overlay_description&quot;:&quot;description&quot;,&quot;columns_tablet&quot;:1,&quot;lazyload&quot;:&quot;yes&quot;,&quot;gallery_layout&quot;:&quot;grid&quot;,&quot;columns_mobile&quot;:1,&quot;gap_widescreen&quot;:{&quot;unit&quot;:&quot;px&quot;,&quot;size&quot;:&quot;&quot;,&quot;sizes&quot;:[]},&quot;gap_laptop&quot;:{&quot;unit&quot;:&quot;px&quot;,&quot;size&quot;:10,&quot;sizes&quot;:[]},&quot;gap_tablet&quot;:{&quot;unit&quot;:&quot;px&quot;,&quot;size&quot;:10,&quot;sizes&quot;:[]},&quot;gap_mobile&quot;:{&quot;unit&quot;:&quot;px&quot;,&quot;size&quot;:10,&quot;sizes&quot;:[]},&quot;overlay_background&quot;:&quot;yes&quot;,&quot;content_hover_animation&quot;:&quot;fade-in&quot;}\" data-widget_type=\"gallery.default\">\n\t\t\t\t\t\t\t<div class=\"elementor-gallery__container\">\n\t\t\t\t\t\t\t<div class=\"e-gallery-item elementor-gallery-item elementor-animated-content\">\n\t\t\t\t\t<div class=\"e-gallery-image elementor-gallery-item__image\" data-thumbnail=\"https:\/\/tahr.mx\/wp-content\/uploads\/2023\/12\/00-ICONO-HERRADURA-UNO-BulAu-11-scaled.jpg\" data-width=\"2560\" data-height=\"1707\" aria-label=\"TAHR_Housing_Development_Herradura_1_01\" role=\"img\" ><\/div>\n\t\t\t\t\t\t\t\t\t\t\t<div class=\"elementor-gallery-item__overlay\"><\/div>\n\t\t\t\t\t\t\t\t\t\t\t\t\t\t\t<div class=\"elementor-gallery-item__content\">\n\t\t\t\t\t\t\t\t\t\t\t\t\t\t<div class=\"elementor-gallery-item__description\">\n\t\t\t\t\t\t\t\t\t\t\t\t\t\t\t\t\t\t<b>Nombre del Proyecto: <\/b>Herradura 1<br><b>A\u00f1o: <\/b>2017<br><b>Ubicaci\u00f3n: <\/b>Estado de M\u00e9xico, M\u00e9xico<br><b>Proyecto por: <\/b>BulAu<br><b>Cr\u00e9ditos: <\/b>H\u00e9ctor de la Pe\u00f1a\t\t\t\t\t\t\t\t<\/div>\n\t\t\t\t\t\t\t\t\t\t\t\t<\/div>\n\t\t\t\t\t\t\t\t\t<\/div>\n\t\t\t\t\t<\/div>\n\t\t\t\t\t<\/div>\n\t\t\t\t<\/div>\n\t\t\t\t<\/div>\n\t\t<div class=\"elementor-element elementor-element-47f7189 e-con-full e-flex e-con e-child\" data-id=\"47f7189\" data-element_type=\"container\">\n\t\t<div class=\"elementor-element elementor-element-55ecba0 e-con-full e-flex e-con e-child\" data-id=\"55ecba0\" data-element_type=\"container\">\n\t\t\t\t<div class=\"elementor-element elementor-element-5684ba8 elementor-widget-tablet__width-initial elementor-widget elementor-widget-gallery\" data-id=\"5684ba8\" data-element_type=\"widget\" data-settings=\"{&quot;columns&quot;:1,&quot;gap&quot;:{&quot;unit&quot;:&quot;px&quot;,&quot;size&quot;:0,&quot;sizes&quot;:[]},&quot;aspect_ratio&quot;:&quot;16:9&quot;,&quot;overlay_description&quot;:&quot;description&quot;,&quot;columns_tablet&quot;:1,&quot;lazyload&quot;:&quot;yes&quot;,&quot;gallery_layout&quot;:&quot;grid&quot;,&quot;columns_mobile&quot;:1,&quot;gap_widescreen&quot;:{&quot;unit&quot;:&quot;px&quot;,&quot;size&quot;:&quot;&quot;,&quot;sizes&quot;:[]},&quot;gap_laptop&quot;:{&quot;unit&quot;:&quot;px&quot;,&quot;size&quot;:10,&quot;sizes&quot;:[]},&quot;gap_tablet&quot;:{&quot;unit&quot;:&quot;px&quot;,&quot;size&quot;:10,&quot;sizes&quot;:[]},&quot;gap_mobile&quot;:{&quot;unit&quot;:&quot;px&quot;,&quot;size&quot;:10,&quot;sizes&quot;:[]},&quot;overlay_background&quot;:&quot;yes&quot;,&quot;content_hover_animation&quot;:&quot;fade-in&quot;}\" data-widget_type=\"gallery.default\">\n\t\t\t\t\t\t\t<div class=\"elementor-gallery__container\">\n\t\t\t\t\t\t\t<div class=\"e-gallery-item elementor-gallery-item elementor-animated-content\">\n\t\t\t\t\t<div class=\"e-gallery-image elementor-gallery-item__image\" data-thumbnail=\"https:\/\/tahr.mx\/wp-content\/uploads\/2025\/06\/BL-R-04.png\" data-width=\"2050\" data-height=\"1358\" aria-label=\"TAHR_Residential_Yolomecatl_Oaxaca_01\" role=\"img\" ><\/div>\n\t\t\t\t\t\t\t\t\t\t\t<div class=\"elementor-gallery-item__overlay\"><\/div>\n\t\t\t\t\t\t\t\t\t\t\t\t\t\t\t<div class=\"elementor-gallery-item__content\">\n\t\t\t\t\t\t\t\t\t\t\t\t\t\t<div class=\"elementor-gallery-item__description\">\n\t\t\t\t\t\t\t\t\t\t\t\t\t\t\t\t\t\t<b>Nombre del Proyecto: <\/b>Yolom\u00e9catl<br><b>A\u00f1o: <\/b>2017<br><b>Ubicaci\u00f3n: <\/b>Yolom\u00e9catl, Oaxaca<br><b>Proyecto por: <\/b>BulAu<br><b>Cr\u00e9ditos: <\/b>H\u00e9ctor de la Pe\u00f1a\t\t\t\t\t\t\t\t<\/div>\n\t\t\t\t\t\t\t\t\t\t\t\t<\/div>\n\t\t\t\t\t\t\t\t\t<\/div>\n\t\t\t\t\t<\/div>\n\t\t\t\t\t<\/div>\n\t\t\t\t<\/div>\n\t\t<div class=\"elementor-element elementor-element-85fa2d0 e-con-full e-flex e-con e-child\" data-id=\"85fa2d0\" data-element_type=\"container\">\n\t\t\t\t<div class=\"elementor-element elementor-element-d9f4801 elementor-widget-tablet__width-initial elementor-widget elementor-widget-gallery\" data-id=\"d9f4801\" data-element_type=\"widget\" data-settings=\"{&quot;columns&quot;:1,&quot;gap&quot;:{&quot;unit&quot;:&quot;px&quot;,&quot;size&quot;:0,&quot;sizes&quot;:[]},&quot;aspect_ratio&quot;:&quot;16:9&quot;,&quot;overlay_description&quot;:&quot;description&quot;,&quot;columns_tablet&quot;:1,&quot;lazyload&quot;:&quot;yes&quot;,&quot;gallery_layout&quot;:&quot;grid&quot;,&quot;columns_mobile&quot;:1,&quot;gap_widescreen&quot;:{&quot;unit&quot;:&quot;px&quot;,&quot;size&quot;:&quot;&quot;,&quot;sizes&quot;:[]},&quot;gap_laptop&quot;:{&quot;unit&quot;:&quot;px&quot;,&quot;size&quot;:10,&quot;sizes&quot;:[]},&quot;gap_tablet&quot;:{&quot;unit&quot;:&quot;px&quot;,&quot;size&quot;:10,&quot;sizes&quot;:[]},&quot;gap_mobile&quot;:{&quot;unit&quot;:&quot;px&quot;,&quot;size&quot;:10,&quot;sizes&quot;:[]},&quot;overlay_background&quot;:&quot;yes&quot;,&quot;content_hover_animation&quot;:&quot;fade-in&quot;}\" data-widget_type=\"gallery.default\">\n\t\t\t\t\t\t\t<div class=\"elementor-gallery__container\">\n\t\t\t\t\t\t\t<div class=\"e-gallery-item elementor-gallery-item elementor-animated-content\">\n\t\t\t\t\t<div class=\"e-gallery-image elementor-gallery-item__image\" data-thumbnail=\"https:\/\/tahr.mx\/wp-content\/uploads\/2025\/06\/AX-H-24.jpg\" data-width=\"1620\" data-height=\"1080\" aria-label=\"TAHR_Hospitality_Breathless_Rivera_Maya_01\" role=\"img\" ><\/div>\n\t\t\t\t\t\t\t\t\t\t\t<div class=\"elementor-gallery-item__overlay\"><\/div>\n\t\t\t\t\t\t\t\t\t\t\t\t\t\t\t<div class=\"elementor-gallery-item__content\">\n\t\t\t\t\t\t\t\t\t\t\t\t\t\t<div class=\"elementor-gallery-item__description\">\n\t\t\t\t\t\t\t\t\t\t\t\t\t\t\t\t\t\t<b>Nombre del Proyecto: <\/b>Breathless Riviera Maya<br><b>A\u00f1o: <\/b>2016<br><b>Ubicaci\u00f3n: <\/b>Playa del Carmen, Quintana Roo<br><b>Proyecto por: <\/b>ABAX<br><b>Cr\u00e9ditos: <\/b>Fernando de Haro, Jes\u00fas Fern\u00e1ndez, Pablo Blasco\t\t\t\t\t\t\t\t<\/div>\n\t\t\t\t\t\t\t\t\t\t\t\t<\/div>\n\t\t\t\t\t\t\t\t\t<\/div>\n\t\t\t\t\t<\/div>\n\t\t\t\t\t<\/div>\n\t\t\t\t<\/div>\n\t\t<div class=\"elementor-element elementor-element-fbdecb4 e-con-full e-flex e-con e-child\" data-id=\"fbdecb4\" data-element_type=\"container\">\n\t\t\t\t<div class=\"elementor-element elementor-element-b76a292 elementor-widget-tablet__width-initial elementor-widget elementor-widget-gallery\" data-id=\"b76a292\" data-element_type=\"widget\" data-settings=\"{&quot;columns&quot;:1,&quot;gap&quot;:{&quot;unit&quot;:&quot;px&quot;,&quot;size&quot;:0,&quot;sizes&quot;:[]},&quot;aspect_ratio&quot;:&quot;16:9&quot;,&quot;overlay_description&quot;:&quot;description&quot;,&quot;columns_tablet&quot;:1,&quot;lazyload&quot;:&quot;yes&quot;,&quot;gallery_layout&quot;:&quot;grid&quot;,&quot;columns_mobile&quot;:1,&quot;gap_widescreen&quot;:{&quot;unit&quot;:&quot;px&quot;,&quot;size&quot;:&quot;&quot;,&quot;sizes&quot;:[]},&quot;gap_laptop&quot;:{&quot;unit&quot;:&quot;px&quot;,&quot;size&quot;:10,&quot;sizes&quot;:[]},&quot;gap_tablet&quot;:{&quot;unit&quot;:&quot;px&quot;,&quot;size&quot;:10,&quot;sizes&quot;:[]},&quot;gap_mobile&quot;:{&quot;unit&quot;:&quot;px&quot;,&quot;size&quot;:10,&quot;sizes&quot;:[]},&quot;overlay_background&quot;:&quot;yes&quot;,&quot;content_hover_animation&quot;:&quot;fade-in&quot;}\" data-widget_type=\"gallery.default\">\n\t\t\t\t\t\t\t<div class=\"elementor-gallery__container\">\n\t\t\t\t\t\t\t<div class=\"e-gallery-item elementor-gallery-item elementor-animated-content\">\n\t\t\t\t\t<div class=\"e-gallery-image elementor-gallery-item__image\" data-thumbnail=\"https:\/\/tahr.mx\/wp-content\/uploads\/2025\/06\/AX-ID-03.jpg\" data-width=\"2400\" data-height=\"1591\" aria-label=\"TAHR_Interiors_Club_de_Raquetas_Bosques_Fase_1_01\" role=\"img\" ><\/div>\n\t\t\t\t\t\t\t\t\t\t\t<div class=\"elementor-gallery-item__overlay\"><\/div>\n\t\t\t\t\t\t\t\t\t\t\t\t\t\t\t<div class=\"elementor-gallery-item__content\">\n\t\t\t\t\t\t\t\t\t\t\t\t\t\t<div class=\"elementor-gallery-item__description\">\n\t\t\t\t\t\t\t\t\t\t\t\t\t\t\t\t\t\t<b>Nombre del Proyecto: <\/b>Club Raqueta Bosques Gym Fase I<br><b>A\u00f1o: <\/b>2016<br><b>Ubicaci\u00f3n: <\/b>Ciudad de M\u00e9xico, M\u00e9xico<br><b>Proyecto por: <\/b>ABAX<br><b>Cr\u00e9ditos: <\/b>Fernando de Haro, Jes\u00fas Fern\u00e1ndez, Bertha Figueroa, Pablo Blasco\t\t\t\t\t\t\t\t<\/div>\n\t\t\t\t\t\t\t\t\t\t\t\t<\/div>\n\t\t\t\t\t\t\t\t\t<\/div>\n\t\t\t\t\t<\/div>\n\t\t\t\t\t<\/div>\n\t\t\t\t<\/div>\n\t\t\t\t<\/div>\n\t\t<div class=\"elementor-element elementor-element-958b725 e-con-full e-flex e-con e-child\" data-id=\"958b725\" data-element_type=\"container\">\n\t\t<div class=\"elementor-element elementor-element-c3e4d2e e-con-full e-flex e-con e-child\" data-id=\"c3e4d2e\" data-element_type=\"container\">\n\t\t\t\t<div class=\"elementor-element elementor-element-4e52803 elementor-widget-tablet__width-initial elementor-widget elementor-widget-gallery\" data-id=\"4e52803\" data-element_type=\"widget\" data-settings=\"{&quot;columns&quot;:1,&quot;gap&quot;:{&quot;unit&quot;:&quot;px&quot;,&quot;size&quot;:0,&quot;sizes&quot;:[]},&quot;aspect_ratio&quot;:&quot;16:9&quot;,&quot;overlay_description&quot;:&quot;description&quot;,&quot;columns_tablet&quot;:1,&quot;lazyload&quot;:&quot;yes&quot;,&quot;gallery_layout&quot;:&quot;grid&quot;,&quot;columns_mobile&quot;:1,&quot;gap_widescreen&quot;:{&quot;unit&quot;:&quot;px&quot;,&quot;size&quot;:&quot;&quot;,&quot;sizes&quot;:[]},&quot;gap_laptop&quot;:{&quot;unit&quot;:&quot;px&quot;,&quot;size&quot;:10,&quot;sizes&quot;:[]},&quot;gap_tablet&quot;:{&quot;unit&quot;:&quot;px&quot;,&quot;size&quot;:10,&quot;sizes&quot;:[]},&quot;gap_mobile&quot;:{&quot;unit&quot;:&quot;px&quot;,&quot;size&quot;:10,&quot;sizes&quot;:[]},&quot;overlay_background&quot;:&quot;yes&quot;,&quot;content_hover_animation&quot;:&quot;fade-in&quot;}\" data-widget_type=\"gallery.default\">\n\t\t\t\t\t\t\t<div class=\"elementor-gallery__container\">\n\t\t\t\t\t\t\t<div class=\"e-gallery-item elementor-gallery-item elementor-animated-content\">\n\t\t\t\t\t<div class=\"e-gallery-image elementor-gallery-item__image\" data-thumbnail=\"https:\/\/tahr.mx\/wp-content\/uploads\/2025\/06\/12.jpg\" data-width=\"1000\" data-height=\"675\" aria-label=\"TAHR_Residential_Rancho_La_Juana_Valle_de_Bravo_01\" role=\"img\" ><\/div>\n\t\t\t\t\t\t\t\t\t\t\t<div class=\"elementor-gallery-item__overlay\"><\/div>\n\t\t\t\t\t\t\t\t\t\t\t\t\t\t\t<div class=\"elementor-gallery-item__content\">\n\t\t\t\t\t\t\t\t\t\t\t\t\t\t<div class=\"elementor-gallery-item__description\">\n\t\t\t\t\t\t\t\t\t\t\t\t\t\t\t\t\t\t<b>Nombre del Proyecto: <\/b>Rancho La Juana<br><b>A\u00f1o: <\/b>2016<br><b>Ubicaci\u00f3n: <\/b>Valle de Bravo, Estado de M\u00e9xico<br><b>Proyecto por: <\/b>ABAX<br><b>Cr\u00e9ditos: <\/b>Fernando de Haro, Jes\u00fas Fern\u00e1ndez, Bertha Figueroa\t\t\t\t\t\t\t\t<\/div>\n\t\t\t\t\t\t\t\t\t\t\t\t<\/div>\n\t\t\t\t\t\t\t\t\t<\/div>\n\t\t\t\t\t<\/div>\n\t\t\t\t\t<\/div>\n\t\t\t\t<\/div>\n\t\t<div class=\"elementor-element elementor-element-28b2bc7 e-con-full e-flex e-con e-child\" data-id=\"28b2bc7\" data-element_type=\"container\">\n\t\t\t\t<div class=\"elementor-element elementor-element-33b6cac elementor-widget-tablet__width-initial elementor-widget elementor-widget-gallery\" data-id=\"33b6cac\" data-element_type=\"widget\" data-settings=\"{&quot;columns&quot;:1,&quot;gap&quot;:{&quot;unit&quot;:&quot;px&quot;,&quot;size&quot;:0,&quot;sizes&quot;:[]},&quot;aspect_ratio&quot;:&quot;16:9&quot;,&quot;overlay_description&quot;:&quot;description&quot;,&quot;columns_tablet&quot;:1,&quot;lazyload&quot;:&quot;yes&quot;,&quot;gallery_layout&quot;:&quot;grid&quot;,&quot;columns_mobile&quot;:1,&quot;gap_widescreen&quot;:{&quot;unit&quot;:&quot;px&quot;,&quot;size&quot;:&quot;&quot;,&quot;sizes&quot;:[]},&quot;gap_laptop&quot;:{&quot;unit&quot;:&quot;px&quot;,&quot;size&quot;:10,&quot;sizes&quot;:[]},&quot;gap_tablet&quot;:{&quot;unit&quot;:&quot;px&quot;,&quot;size&quot;:10,&quot;sizes&quot;:[]},&quot;gap_mobile&quot;:{&quot;unit&quot;:&quot;px&quot;,&quot;size&quot;:10,&quot;sizes&quot;:[]},&quot;overlay_background&quot;:&quot;yes&quot;,&quot;content_hover_animation&quot;:&quot;fade-in&quot;}\" data-widget_type=\"gallery.default\">\n\t\t\t\t\t\t\t<div class=\"elementor-gallery__container\">\n\t\t\t\t\t\t\t<div class=\"e-gallery-item elementor-gallery-item elementor-animated-content\">\n\t\t\t\t\t<div class=\"e-gallery-image elementor-gallery-item__image\" data-thumbnail=\"https:\/\/tahr.mx\/wp-content\/uploads\/2025\/06\/BL-MXC-07-scaled.jpg\" data-width=\"2560\" data-height=\"1152\" aria-label=\"TAHR_Mixed_Used_Oficinas_INE_Conjunto_Tlalpan_01\" role=\"img\" ><\/div>\n\t\t\t\t\t\t\t\t\t\t\t<div class=\"elementor-gallery-item__overlay\"><\/div>\n\t\t\t\t\t\t\t\t\t\t\t\t\t\t\t<div class=\"elementor-gallery-item__content\">\n\t\t\t\t\t\t\t\t\t\t\t\t\t\t<div class=\"elementor-gallery-item__description\">\n\t\t\t\t\t\t\t\t\t\t\t\t\t\t\t\t\t\t<b>Nombre del Proyecto: <\/b>Oficinas Centrales Conjunto Tlalpan<br><b>A\u00f1o: <\/b>2015<br><b>Ubicaci\u00f3n: <\/b>Ciudad de M\u00e9xico, M\u00e9xico<br><b>Proyecto por: <\/b>BulAu<br><b>Cr\u00e9ditos: <\/b>H\u00e9ctor de la Pe\u00f1a\t\t\t\t\t\t\t\t<\/div>\n\t\t\t\t\t\t\t\t\t\t\t\t<\/div>\n\t\t\t\t\t\t\t\t\t<\/div>\n\t\t\t\t\t<\/div>\n\t\t\t\t\t<\/div>\n\t\t\t\t<\/div>\n\t\t<div class=\"elementor-element elementor-element-62750c0 e-con-full e-flex e-con e-child\" data-id=\"62750c0\" data-element_type=\"container\">\n\t\t\t\t<div class=\"elementor-element elementor-element-2780481 elementor-widget-tablet__width-initial elementor-widget elementor-widget-gallery\" data-id=\"2780481\" data-element_type=\"widget\" data-settings=\"{&quot;columns&quot;:1,&quot;gap&quot;:{&quot;unit&quot;:&quot;px&quot;,&quot;size&quot;:0,&quot;sizes&quot;:[]},&quot;aspect_ratio&quot;:&quot;16:9&quot;,&quot;overlay_description&quot;:&quot;description&quot;,&quot;columns_tablet&quot;:1,&quot;lazyload&quot;:&quot;yes&quot;,&quot;gallery_layout&quot;:&quot;grid&quot;,&quot;columns_mobile&quot;:1,&quot;gap_widescreen&quot;:{&quot;unit&quot;:&quot;px&quot;,&quot;size&quot;:&quot;&quot;,&quot;sizes&quot;:[]},&quot;gap_laptop&quot;:{&quot;unit&quot;:&quot;px&quot;,&quot;size&quot;:10,&quot;sizes&quot;:[]},&quot;gap_tablet&quot;:{&quot;unit&quot;:&quot;px&quot;,&quot;size&quot;:10,&quot;sizes&quot;:[]},&quot;gap_mobile&quot;:{&quot;unit&quot;:&quot;px&quot;,&quot;size&quot;:10,&quot;sizes&quot;:[]},&quot;overlay_background&quot;:&quot;yes&quot;,&quot;content_hover_animation&quot;:&quot;fade-in&quot;}\" data-widget_type=\"gallery.default\">\n\t\t\t\t\t\t\t<div class=\"elementor-gallery__container\">\n\t\t\t\t\t\t\t<div class=\"e-gallery-item elementor-gallery-item elementor-animated-content\">\n\t\t\t\t\t<div class=\"e-gallery-image elementor-gallery-item__image\" data-thumbnail=\"https:\/\/tahr.mx\/wp-content\/uploads\/2025\/07\/TAHR_Housing_Development_Las_Flores_01.jpg\" data-width=\"1650\" data-height=\"1080\" aria-label=\"TAHR_Housing_Development_Las_Flores_01\" role=\"img\" ><\/div>\n\t\t\t\t\t\t\t\t\t\t\t<div class=\"elementor-gallery-item__overlay\"><\/div>\n\t\t\t\t\t\t\t\t\t\t\t\t\t\t\t<div class=\"elementor-gallery-item__content\">\n\t\t\t\t\t\t\t\t\t\t\t\t\t\t<div class=\"elementor-gallery-item__description\">\n\t\t\t\t\t\t\t\t\t\t\t\t\t\t\t\t\t\t<b>Nombre del Proyecto: <\/b>Las Flores<br><b>A\u00f1o: <\/b>2015<br><b>Ubicaci\u00f3n: <\/b>Ciudad de M\u00e9xico, M\u00e9xico<br><b>Proyecto por: <\/b>ABAX<br><b>Cr\u00e9ditos: <\/b>Fernando de Haro, Jes\u00fas Fern\u00e1ndez, Pablo Blasco\t\t\t\t\t\t\t\t<\/div>\n\t\t\t\t\t\t\t\t\t\t\t\t<\/div>\n\t\t\t\t\t\t\t\t\t<\/div>\n\t\t\t\t\t<\/div>\n\t\t\t\t\t<\/div>\n\t\t\t\t<\/div>\n\t\t\t\t<\/div>\n\t\t<div class=\"elementor-element elementor-element-5becff1 e-con-full e-flex e-con e-child\" data-id=\"5becff1\" data-element_type=\"container\">\n\t\t<div class=\"elementor-element elementor-element-5700aa3 e-con-full e-flex e-con e-child\" data-id=\"5700aa3\" data-element_type=\"container\">\n\t\t\t\t<div class=\"elementor-element elementor-element-a1e1e0d elementor-widget-tablet__width-initial elementor-widget elementor-widget-gallery\" data-id=\"a1e1e0d\" data-element_type=\"widget\" data-settings=\"{&quot;columns&quot;:1,&quot;gap&quot;:{&quot;unit&quot;:&quot;px&quot;,&quot;size&quot;:0,&quot;sizes&quot;:[]},&quot;aspect_ratio&quot;:&quot;16:9&quot;,&quot;overlay_description&quot;:&quot;description&quot;,&quot;columns_tablet&quot;:1,&quot;lazyload&quot;:&quot;yes&quot;,&quot;gallery_layout&quot;:&quot;grid&quot;,&quot;columns_mobile&quot;:1,&quot;gap_widescreen&quot;:{&quot;unit&quot;:&quot;px&quot;,&quot;size&quot;:&quot;&quot;,&quot;sizes&quot;:[]},&quot;gap_laptop&quot;:{&quot;unit&quot;:&quot;px&quot;,&quot;size&quot;:10,&quot;sizes&quot;:[]},&quot;gap_tablet&quot;:{&quot;unit&quot;:&quot;px&quot;,&quot;size&quot;:10,&quot;sizes&quot;:[]},&quot;gap_mobile&quot;:{&quot;unit&quot;:&quot;px&quot;,&quot;size&quot;:10,&quot;sizes&quot;:[]},&quot;overlay_background&quot;:&quot;yes&quot;,&quot;content_hover_animation&quot;:&quot;fade-in&quot;}\" data-widget_type=\"gallery.default\">\n\t\t\t\t\t\t\t<div class=\"elementor-gallery__container\">\n\t\t\t\t\t\t\t<div class=\"e-gallery-item elementor-gallery-item elementor-animated-content\">\n\t\t\t\t\t<div class=\"e-gallery-image elementor-gallery-item__image\" data-thumbnail=\"https:\/\/tahr.mx\/wp-content\/uploads\/2025\/06\/AX-R-23-scaled.jpg\" data-width=\"2560\" data-height=\"1707\" aria-label=\"TAHR_Residential_Casa_Mantarraya_Quintana_Roo_01\" role=\"img\" ><\/div>\n\t\t\t\t\t\t\t\t\t\t\t<div class=\"elementor-gallery-item__overlay\"><\/div>\n\t\t\t\t\t\t\t\t\t\t\t\t\t\t\t<div class=\"elementor-gallery-item__content\">\n\t\t\t\t\t\t\t\t\t\t\t\t\t\t<div class=\"elementor-gallery-item__description\">\n\t\t\t\t\t\t\t\t\t\t\t\t\t\t\t\t\t\t<b>Nombre del Proyecto: <\/b>Casa Mantarraya<br><b>A\u00f1o: <\/b>2014<br><b>Ubicaci\u00f3n: <\/b>Puerto Aventuras, Quintana Roo<br><b>Proyecto por: <\/b>ABAX<br><b>Cr\u00e9ditos: <\/b>Fernando de Haro, Jes\u00fas Fern\u00e1ndez, Bertha Figueroa, Pablo Blasco\t\t\t\t\t\t\t\t<\/div>\n\t\t\t\t\t\t\t\t\t\t\t\t<\/div>\n\t\t\t\t\t\t\t\t\t<\/div>\n\t\t\t\t\t<\/div>\n\t\t\t\t\t<\/div>\n\t\t\t\t<\/div>\n\t\t<div class=\"elementor-element elementor-element-e836563 e-con-full e-flex e-con e-child\" data-id=\"e836563\" data-element_type=\"container\">\n\t\t\t\t<div class=\"elementor-element elementor-element-6cc7d84 elementor-widget-tablet__width-initial elementor-widget elementor-widget-gallery\" data-id=\"6cc7d84\" data-element_type=\"widget\" data-settings=\"{&quot;columns&quot;:1,&quot;gap&quot;:{&quot;unit&quot;:&quot;px&quot;,&quot;size&quot;:0,&quot;sizes&quot;:[]},&quot;aspect_ratio&quot;:&quot;16:9&quot;,&quot;overlay_description&quot;:&quot;description&quot;,&quot;columns_tablet&quot;:1,&quot;lazyload&quot;:&quot;yes&quot;,&quot;gallery_layout&quot;:&quot;grid&quot;,&quot;columns_mobile&quot;:1,&quot;gap_widescreen&quot;:{&quot;unit&quot;:&quot;px&quot;,&quot;size&quot;:&quot;&quot;,&quot;sizes&quot;:[]},&quot;gap_laptop&quot;:{&quot;unit&quot;:&quot;px&quot;,&quot;size&quot;:10,&quot;sizes&quot;:[]},&quot;gap_tablet&quot;:{&quot;unit&quot;:&quot;px&quot;,&quot;size&quot;:10,&quot;sizes&quot;:[]},&quot;gap_mobile&quot;:{&quot;unit&quot;:&quot;px&quot;,&quot;size&quot;:10,&quot;sizes&quot;:[]},&quot;overlay_background&quot;:&quot;yes&quot;,&quot;content_hover_animation&quot;:&quot;fade-in&quot;}\" data-widget_type=\"gallery.default\">\n\t\t\t\t\t\t\t<div class=\"elementor-gallery__container\">\n\t\t\t\t\t\t\t<div class=\"e-gallery-item elementor-gallery-item elementor-animated-content\">\n\t\t\t\t\t<div class=\"e-gallery-image elementor-gallery-item__image\" data-thumbnail=\"https:\/\/tahr.mx\/wp-content\/uploads\/2025\/06\/BL-MXC-06-scaled.jpg\" data-width=\"2560\" data-height=\"1291\" aria-label=\"TAHR_Cultural_Guggenheim_Museum_Helsinki_01\" role=\"img\" ><\/div>\n\t\t\t\t\t\t\t\t\t\t\t<div class=\"elementor-gallery-item__overlay\"><\/div>\n\t\t\t\t\t\t\t\t\t\t\t\t\t\t\t<div class=\"elementor-gallery-item__content\">\n\t\t\t\t\t\t\t\t\t\t\t\t\t\t<div class=\"elementor-gallery-item__description\">\n\t\t\t\t\t\t\t\t\t\t\t\t\t\t\t\t\t\t<b>Nombre del Proyecto: <\/b>Guggenheim Museum, Helsinki<br><b>A\u00f1o: <\/b>2014<br><b>Ubicaci\u00f3n: <\/b>Helsinki, Finlandia<br><b>Proyecto por: <\/b>BulAu<br><b>Cr\u00e9ditos: <\/b>H\u00e9ctor de la Pe\u00f1a\t\t\t\t\t\t\t\t<\/div>\n\t\t\t\t\t\t\t\t\t\t\t\t<\/div>\n\t\t\t\t\t\t\t\t\t<\/div>\n\t\t\t\t\t<\/div>\n\t\t\t\t\t<\/div>\n\t\t\t\t<\/div>\n\t\t<div class=\"elementor-element elementor-element-79a78a5 e-con-full e-flex e-con e-child\" data-id=\"79a78a5\" data-element_type=\"container\">\n\t\t\t\t<div class=\"elementor-element elementor-element-9e52d39 elementor-widget-tablet__width-initial elementor-widget elementor-widget-gallery\" data-id=\"9e52d39\" data-element_type=\"widget\" data-settings=\"{&quot;columns&quot;:1,&quot;gap&quot;:{&quot;unit&quot;:&quot;px&quot;,&quot;size&quot;:0,&quot;sizes&quot;:[]},&quot;aspect_ratio&quot;:&quot;16:9&quot;,&quot;overlay_description&quot;:&quot;description&quot;,&quot;columns_tablet&quot;:1,&quot;lazyload&quot;:&quot;yes&quot;,&quot;gallery_layout&quot;:&quot;grid&quot;,&quot;columns_mobile&quot;:1,&quot;gap_widescreen&quot;:{&quot;unit&quot;:&quot;px&quot;,&quot;size&quot;:&quot;&quot;,&quot;sizes&quot;:[]},&quot;gap_laptop&quot;:{&quot;unit&quot;:&quot;px&quot;,&quot;size&quot;:10,&quot;sizes&quot;:[]},&quot;gap_tablet&quot;:{&quot;unit&quot;:&quot;px&quot;,&quot;size&quot;:10,&quot;sizes&quot;:[]},&quot;gap_mobile&quot;:{&quot;unit&quot;:&quot;px&quot;,&quot;size&quot;:10,&quot;sizes&quot;:[]},&quot;overlay_background&quot;:&quot;yes&quot;,&quot;content_hover_animation&quot;:&quot;fade-in&quot;}\" data-widget_type=\"gallery.default\">\n\t\t\t\t\t\t\t<div class=\"elementor-gallery__container\">\n\t\t\t\t\t\t\t<div class=\"e-gallery-item elementor-gallery-item elementor-animated-content\">\n\t\t\t\t\t<div class=\"e-gallery-image elementor-gallery-item__image\" data-thumbnail=\"https:\/\/tahr.mx\/wp-content\/uploads\/2023\/12\/R01.jpg\" data-width=\"2549\" data-height=\"1200\" aria-label=\"TAHR_Cultural_Pabellon_de_Mexico_Expo_Milan_01\" role=\"img\" ><\/div>\n\t\t\t\t\t\t\t\t\t\t\t<div class=\"elementor-gallery-item__overlay\"><\/div>\n\t\t\t\t\t\t\t\t\t\t\t\t\t\t\t<div class=\"elementor-gallery-item__content\">\n\t\t\t\t\t\t\t\t\t\t\t\t\t\t<div class=\"elementor-gallery-item__description\">\n\t\t\t\t\t\t\t\t\t\t\t\t\t\t\t\t\t\t<b>Nombre del Proyecto: <\/b>Pabell\u00f3n De M\u00e9xico Expo Mil\u00e1n<br><b>A\u00f1o: <\/b>2014<br><b>Ubicaci\u00f3n: <\/b>Mil\u00e1n, Italia<br><b>Proyecto por: <\/b>BulAu<br><b>Cr\u00e9ditos: <\/b>H\u00e9ctor de la Pe\u00f1a\t\t\t\t\t\t\t\t<\/div>\n\t\t\t\t\t\t\t\t\t\t\t\t<\/div>\n\t\t\t\t\t\t\t\t\t<\/div>\n\t\t\t\t\t<\/div>\n\t\t\t\t\t<\/div>\n\t\t\t\t<\/div>\n\t\t\t\t<\/div>\n\t\t<div class=\"elementor-element elementor-element-dbacf4f e-con-full e-flex e-con e-child\" data-id=\"dbacf4f\" data-element_type=\"container\">\n\t\t<div class=\"elementor-element elementor-element-cc49c72 e-con-full e-flex e-con e-child\" data-id=\"cc49c72\" data-element_type=\"container\">\n\t\t\t\t<div class=\"elementor-element elementor-element-fc5d0d7 elementor-widget-tablet__width-initial elementor-widget elementor-widget-gallery\" data-id=\"fc5d0d7\" data-element_type=\"widget\" data-settings=\"{&quot;columns&quot;:1,&quot;gap&quot;:{&quot;unit&quot;:&quot;px&quot;,&quot;size&quot;:0,&quot;sizes&quot;:[]},&quot;aspect_ratio&quot;:&quot;16:9&quot;,&quot;overlay_description&quot;:&quot;description&quot;,&quot;columns_tablet&quot;:1,&quot;lazyload&quot;:&quot;yes&quot;,&quot;gallery_layout&quot;:&quot;grid&quot;,&quot;columns_mobile&quot;:1,&quot;gap_widescreen&quot;:{&quot;unit&quot;:&quot;px&quot;,&quot;size&quot;:&quot;&quot;,&quot;sizes&quot;:[]},&quot;gap_laptop&quot;:{&quot;unit&quot;:&quot;px&quot;,&quot;size&quot;:10,&quot;sizes&quot;:[]},&quot;gap_tablet&quot;:{&quot;unit&quot;:&quot;px&quot;,&quot;size&quot;:10,&quot;sizes&quot;:[]},&quot;gap_mobile&quot;:{&quot;unit&quot;:&quot;px&quot;,&quot;size&quot;:10,&quot;sizes&quot;:[]},&quot;overlay_background&quot;:&quot;yes&quot;,&quot;content_hover_animation&quot;:&quot;fade-in&quot;}\" data-widget_type=\"gallery.default\">\n\t\t\t\t\t\t\t<div class=\"elementor-gallery__container\">\n\t\t\t\t\t\t\t<div class=\"e-gallery-item elementor-gallery-item elementor-animated-content\">\n\t\t\t\t\t<div class=\"e-gallery-image elementor-gallery-item__image\" data-thumbnail=\"https:\/\/tahr.mx\/wp-content\/uploads\/2025\/06\/BL-MXC-04.jpg\" data-width=\"1639\" data-height=\"675\" aria-label=\"TAHR_Cultural_Once_Upon_a_Line_Tijuana_01\" role=\"img\" ><\/div>\n\t\t\t\t\t\t\t\t\t\t\t<div class=\"elementor-gallery-item__overlay\"><\/div>\n\t\t\t\t\t\t\t\t\t\t\t\t\t\t\t<div class=\"elementor-gallery-item__content\">\n\t\t\t\t\t\t\t\t\t\t\t\t\t\t<div class=\"elementor-gallery-item__description\">\n\t\t\t\t\t\t\t\t\t\t\t\t\t\t\t\t\t\t<b>Nombre del Proyecto: <\/b>Once Upon A Line<br><b>A\u00f1o: <\/b>2014<br><b>Ubicaci\u00f3n: <\/b>Tijuana, Baja California<br><b>Proyecto por: <\/b>BulAu<br><b>Cr\u00e9ditos: <\/b>H\u00e9ctor de la Pe\u00f1a\t\t\t\t\t\t\t\t<\/div>\n\t\t\t\t\t\t\t\t\t\t\t\t<\/div>\n\t\t\t\t\t\t\t\t\t<\/div>\n\t\t\t\t\t<\/div>\n\t\t\t\t\t<\/div>\n\t\t\t\t<\/div>\n\t\t<div class=\"elementor-element elementor-element-fcf2012 e-con-full e-flex e-con e-child\" data-id=\"fcf2012\" data-element_type=\"container\">\n\t\t\t\t<div class=\"elementor-element elementor-element-76af90f elementor-widget-tablet__width-initial elementor-widget elementor-widget-gallery\" data-id=\"76af90f\" data-element_type=\"widget\" data-settings=\"{&quot;columns&quot;:1,&quot;gap&quot;:{&quot;unit&quot;:&quot;px&quot;,&quot;size&quot;:0,&quot;sizes&quot;:[]},&quot;aspect_ratio&quot;:&quot;16:9&quot;,&quot;overlay_description&quot;:&quot;description&quot;,&quot;columns_tablet&quot;:1,&quot;lazyload&quot;:&quot;yes&quot;,&quot;gallery_layout&quot;:&quot;grid&quot;,&quot;columns_mobile&quot;:1,&quot;gap_widescreen&quot;:{&quot;unit&quot;:&quot;px&quot;,&quot;size&quot;:&quot;&quot;,&quot;sizes&quot;:[]},&quot;gap_laptop&quot;:{&quot;unit&quot;:&quot;px&quot;,&quot;size&quot;:10,&quot;sizes&quot;:[]},&quot;gap_tablet&quot;:{&quot;unit&quot;:&quot;px&quot;,&quot;size&quot;:10,&quot;sizes&quot;:[]},&quot;gap_mobile&quot;:{&quot;unit&quot;:&quot;px&quot;,&quot;size&quot;:10,&quot;sizes&quot;:[]},&quot;overlay_background&quot;:&quot;yes&quot;,&quot;content_hover_animation&quot;:&quot;fade-in&quot;}\" data-widget_type=\"gallery.default\">\n\t\t\t\t\t\t\t<div class=\"elementor-gallery__container\">\n\t\t\t\t\t\t\t<div class=\"e-gallery-item elementor-gallery-item elementor-animated-content\">\n\t\t\t\t\t<div class=\"e-gallery-image elementor-gallery-item__image\" data-thumbnail=\"https:\/\/tahr.mx\/wp-content\/uploads\/2025\/06\/9-scaled.jpg\" data-width=\"1818\" data-height=\"2560\" aria-label=\"TAHR_Mixed_Used_Acora_Pedregal_01\" role=\"img\" ><\/div>\n\t\t\t\t\t\t\t\t\t\t\t<div class=\"elementor-gallery-item__overlay\"><\/div>\n\t\t\t\t\t\t\t\t\t\t\t\t\t\t\t<div class=\"elementor-gallery-item__content\">\n\t\t\t\t\t\t\t\t\t\t\t\t\t\t<div class=\"elementor-gallery-item__description\">\n\t\t\t\t\t\t\t\t\t\t\t\t\t\t\t\t\t\t<b>Nombre del Proyecto: <\/b>Acora Pedregal<br><b>A\u00f1o: <\/b>2014<br><b>Ubicaci\u00f3n: <\/b>Ciudad de M\u00e9xico, M\u00e9xico<br><b>Proyecto por: <\/b>ABAX<br><b>Cr\u00e9ditos: <\/b>Fernando de Haro, Jes\u00fas Fern\u00e1ndez, Omar Fuentes, Bertha Figueroa\t\t\t\t\t\t\t\t<\/div>\n\t\t\t\t\t\t\t\t\t\t\t\t<\/div>\n\t\t\t\t\t\t\t\t\t<\/div>\n\t\t\t\t\t<\/div>\n\t\t\t\t\t<\/div>\n\t\t\t\t<\/div>\n\t\t<div class=\"elementor-element elementor-element-ff94439 e-con-full e-flex e-con e-child\" data-id=\"ff94439\" data-element_type=\"container\">\n\t\t\t\t<div class=\"elementor-element elementor-element-70bf62e elementor-widget-tablet__width-initial elementor-widget elementor-widget-gallery\" data-id=\"70bf62e\" data-element_type=\"widget\" data-settings=\"{&quot;columns&quot;:1,&quot;gap&quot;:{&quot;unit&quot;:&quot;px&quot;,&quot;size&quot;:0,&quot;sizes&quot;:[]},&quot;aspect_ratio&quot;:&quot;16:9&quot;,&quot;overlay_description&quot;:&quot;description&quot;,&quot;columns_tablet&quot;:1,&quot;lazyload&quot;:&quot;yes&quot;,&quot;gallery_layout&quot;:&quot;grid&quot;,&quot;columns_mobile&quot;:1,&quot;gap_widescreen&quot;:{&quot;unit&quot;:&quot;px&quot;,&quot;size&quot;:&quot;&quot;,&quot;sizes&quot;:[]},&quot;gap_laptop&quot;:{&quot;unit&quot;:&quot;px&quot;,&quot;size&quot;:10,&quot;sizes&quot;:[]},&quot;gap_tablet&quot;:{&quot;unit&quot;:&quot;px&quot;,&quot;size&quot;:10,&quot;sizes&quot;:[]},&quot;gap_mobile&quot;:{&quot;unit&quot;:&quot;px&quot;,&quot;size&quot;:10,&quot;sizes&quot;:[]},&quot;overlay_background&quot;:&quot;yes&quot;,&quot;content_hover_animation&quot;:&quot;fade-in&quot;}\" data-widget_type=\"gallery.default\">\n\t\t\t\t\t\t\t<div class=\"elementor-gallery__container\">\n\t\t\t\t\t\t\t<div class=\"e-gallery-item elementor-gallery-item elementor-animated-content\">\n\t\t\t\t\t<div class=\"e-gallery-image elementor-gallery-item__image\" data-thumbnail=\"https:\/\/tahr.mx\/wp-content\/uploads\/2025\/06\/10-scaled.jpg\" data-width=\"2560\" data-height=\"1707\" aria-label=\"TAHR_Residential_Departamento_Reforma_01\" role=\"img\" ><\/div>\n\t\t\t\t\t\t\t\t\t\t\t<div class=\"elementor-gallery-item__overlay\"><\/div>\n\t\t\t\t\t\t\t\t\t\t\t\t\t\t\t<div class=\"elementor-gallery-item__content\">\n\t\t\t\t\t\t\t\t\t\t\t\t\t\t<div class=\"elementor-gallery-item__description\">\n\t\t\t\t\t\t\t\t\t\t\t\t\t\t\t\t\t\t<b>Nombre del Proyecto: <\/b>Departamento Reforma<br><b>A\u00f1o: <\/b>2014<br><b>Ubicaci\u00f3n: <\/b>Ciudad de M\u00e9xico, M\u00e9xico<br><b>Proyecto por: <\/b>ABAX<br><b>Cr\u00e9ditos: <\/b>Fernando de Haro, Jes\u00fas Fern\u00e1ndez, Bertha Figueroa\t\t\t\t\t\t\t\t<\/div>\n\t\t\t\t\t\t\t\t\t\t\t\t<\/div>\n\t\t\t\t\t\t\t\t\t<\/div>\n\t\t\t\t\t<\/div>\n\t\t\t\t\t<\/div>\n\t\t\t\t<\/div>\n\t\t\t\t<\/div>\n\t\t<div class=\"elementor-element elementor-element-30a1959 e-con-full e-flex e-con e-child\" data-id=\"30a1959\" data-element_type=\"container\">\n\t\t<div class=\"elementor-element elementor-element-e4ff0e5 e-con-full e-flex e-con e-child\" data-id=\"e4ff0e5\" data-element_type=\"container\">\n\t\t\t\t<div class=\"elementor-element elementor-element-346245c elementor-widget-tablet__width-initial elementor-widget elementor-widget-gallery\" data-id=\"346245c\" data-element_type=\"widget\" data-settings=\"{&quot;columns&quot;:1,&quot;gap&quot;:{&quot;unit&quot;:&quot;px&quot;,&quot;size&quot;:0,&quot;sizes&quot;:[]},&quot;aspect_ratio&quot;:&quot;16:9&quot;,&quot;overlay_description&quot;:&quot;description&quot;,&quot;columns_tablet&quot;:1,&quot;lazyload&quot;:&quot;yes&quot;,&quot;gallery_layout&quot;:&quot;grid&quot;,&quot;columns_mobile&quot;:1,&quot;gap_widescreen&quot;:{&quot;unit&quot;:&quot;px&quot;,&quot;size&quot;:&quot;&quot;,&quot;sizes&quot;:[]},&quot;gap_laptop&quot;:{&quot;unit&quot;:&quot;px&quot;,&quot;size&quot;:10,&quot;sizes&quot;:[]},&quot;gap_tablet&quot;:{&quot;unit&quot;:&quot;px&quot;,&quot;size&quot;:10,&quot;sizes&quot;:[]},&quot;gap_mobile&quot;:{&quot;unit&quot;:&quot;px&quot;,&quot;size&quot;:10,&quot;sizes&quot;:[]},&quot;overlay_background&quot;:&quot;yes&quot;,&quot;content_hover_animation&quot;:&quot;fade-in&quot;}\" data-widget_type=\"gallery.default\">\n\t\t\t\t\t\t\t<div class=\"elementor-gallery__container\">\n\t\t\t\t\t\t\t<div class=\"e-gallery-item elementor-gallery-item elementor-animated-content\">\n\t\t\t\t\t<div class=\"e-gallery-image elementor-gallery-item__image\" data-thumbnail=\"https:\/\/tahr.mx\/wp-content\/uploads\/2025\/07\/TAHR_Interiors_Corporativo_y_Showroom_Electrolux_01.jpg\" data-width=\"600\" data-height=\"400\" aria-label=\"TAHR_Interiors_Corporativo_y_Showroom.jpg_Electrolux_01\" role=\"img\" ><\/div>\n\t\t\t\t\t\t\t\t\t\t\t<div class=\"elementor-gallery-item__overlay\"><\/div>\n\t\t\t\t\t\t\t\t\t\t\t\t\t\t\t<div class=\"elementor-gallery-item__content\">\n\t\t\t\t\t\t\t\t\t\t\t\t\t\t<div class=\"elementor-gallery-item__description\">\n\t\t\t\t\t\t\t\t\t\t\t\t\t\t\t\t\t\t<b>Nombre del Proyecto: <\/b>Corporativo y Showroom Electrolux<br><b>A\u00f1o: <\/b>2013<br><b>Ubicaci\u00f3n: <\/b>Ciudad de M\u00e9xico, M\u00e9xico<br><b>Proyecto por: <\/b>BulAu<br><b>Cr\u00e9ditos: <\/b>H\u00e9ctor de la Pe\u00f1a\t\t\t\t\t\t\t\t<\/div>\n\t\t\t\t\t\t\t\t\t\t\t\t<\/div>\n\t\t\t\t\t\t\t\t\t<\/div>\n\t\t\t\t\t<\/div>\n\t\t\t\t\t<\/div>\n\t\t\t\t<\/div>\n\t\t<div class=\"elementor-element elementor-element-c9b2e83 e-con-full e-flex e-con e-child\" data-id=\"c9b2e83\" data-element_type=\"container\">\n\t\t\t\t<div class=\"elementor-element elementor-element-16913bd elementor-widget-tablet__width-initial elementor-widget elementor-widget-gallery\" data-id=\"16913bd\" data-element_type=\"widget\" data-settings=\"{&quot;columns&quot;:1,&quot;gap&quot;:{&quot;unit&quot;:&quot;px&quot;,&quot;size&quot;:0,&quot;sizes&quot;:[]},&quot;aspect_ratio&quot;:&quot;16:9&quot;,&quot;overlay_description&quot;:&quot;description&quot;,&quot;columns_tablet&quot;:1,&quot;lazyload&quot;:&quot;yes&quot;,&quot;gallery_layout&quot;:&quot;grid&quot;,&quot;columns_mobile&quot;:1,&quot;gap_widescreen&quot;:{&quot;unit&quot;:&quot;px&quot;,&quot;size&quot;:&quot;&quot;,&quot;sizes&quot;:[]},&quot;gap_laptop&quot;:{&quot;unit&quot;:&quot;px&quot;,&quot;size&quot;:10,&quot;sizes&quot;:[]},&quot;gap_tablet&quot;:{&quot;unit&quot;:&quot;px&quot;,&quot;size&quot;:10,&quot;sizes&quot;:[]},&quot;gap_mobile&quot;:{&quot;unit&quot;:&quot;px&quot;,&quot;size&quot;:10,&quot;sizes&quot;:[]},&quot;overlay_background&quot;:&quot;yes&quot;,&quot;content_hover_animation&quot;:&quot;fade-in&quot;}\" data-widget_type=\"gallery.default\">\n\t\t\t\t\t\t\t<div class=\"elementor-gallery__container\">\n\t\t\t\t\t\t\t<div class=\"e-gallery-item elementor-gallery-item elementor-animated-content\">\n\t\t\t\t\t<div class=\"e-gallery-image elementor-gallery-item__image\" data-thumbnail=\"https:\/\/tahr.mx\/wp-content\/uploads\/2025\/06\/4.jpg\" data-width=\"1800\" data-height=\"1200\" aria-label=\"TAHR_Residential_Casa_Arabescato_01\" role=\"img\" ><\/div>\n\t\t\t\t\t\t\t\t\t\t\t<div class=\"elementor-gallery-item__overlay\"><\/div>\n\t\t\t\t\t\t\t\t\t\t\t\t\t\t\t<div class=\"elementor-gallery-item__content\">\n\t\t\t\t\t\t\t\t\t\t\t\t\t\t<div class=\"elementor-gallery-item__description\">\n\t\t\t\t\t\t\t\t\t\t\t\t\t\t\t\t\t\t<b>Nombre del Proyecto: <\/b>Casa Arabescato<br><b>A\u00f1o: <\/b>2012<br><b>Ubicaci\u00f3n: <\/b>Ciudad de M\u00e9xico, M\u00e9xico<br><b>Proyecto por: <\/b>ABAX<br><b>Cr\u00e9ditos: <\/b>Fernando de Haro, Jes\u00fas Fern\u00e1ndez, Omar Fuentes, Bertha Figueroa\t\t\t\t\t\t\t\t<\/div>\n\t\t\t\t\t\t\t\t\t\t\t\t<\/div>\n\t\t\t\t\t\t\t\t\t<\/div>\n\t\t\t\t\t<\/div>\n\t\t\t\t\t<\/div>\n\t\t\t\t<\/div>\n\t\t<div class=\"elementor-element elementor-element-c54a643 e-con-full e-flex e-con e-child\" data-id=\"c54a643\" data-element_type=\"container\">\n\t\t\t\t<div class=\"elementor-element elementor-element-018cc5a elementor-widget-tablet__width-initial elementor-widget elementor-widget-gallery\" data-id=\"018cc5a\" data-element_type=\"widget\" data-settings=\"{&quot;columns&quot;:1,&quot;gap&quot;:{&quot;unit&quot;:&quot;px&quot;,&quot;size&quot;:0,&quot;sizes&quot;:[]},&quot;aspect_ratio&quot;:&quot;16:9&quot;,&quot;overlay_description&quot;:&quot;description&quot;,&quot;columns_tablet&quot;:1,&quot;lazyload&quot;:&quot;yes&quot;,&quot;gallery_layout&quot;:&quot;grid&quot;,&quot;columns_mobile&quot;:1,&quot;gap_widescreen&quot;:{&quot;unit&quot;:&quot;px&quot;,&quot;size&quot;:&quot;&quot;,&quot;sizes&quot;:[]},&quot;gap_laptop&quot;:{&quot;unit&quot;:&quot;px&quot;,&quot;size&quot;:10,&quot;sizes&quot;:[]},&quot;gap_tablet&quot;:{&quot;unit&quot;:&quot;px&quot;,&quot;size&quot;:10,&quot;sizes&quot;:[]},&quot;gap_mobile&quot;:{&quot;unit&quot;:&quot;px&quot;,&quot;size&quot;:10,&quot;sizes&quot;:[]},&quot;overlay_background&quot;:&quot;yes&quot;,&quot;content_hover_animation&quot;:&quot;fade-in&quot;}\" data-widget_type=\"gallery.default\">\n\t\t\t\t\t\t\t<div class=\"elementor-gallery__container\">\n\t\t\t\t\t\t\t<div class=\"e-gallery-item elementor-gallery-item elementor-animated-content\">\n\t\t\t\t\t<div class=\"e-gallery-image elementor-gallery-item__image\" data-thumbnail=\"https:\/\/tahr.mx\/wp-content\/uploads\/2025\/06\/5.jpg\" data-width=\"2000\" data-height=\"1333\" aria-label=\"TAHR_Master_Plan_Rambla_y_Modulo_Deportivo_01\" role=\"img\" ><\/div>\n\t\t\t\t\t\t\t\t\t\t\t<div class=\"elementor-gallery-item__overlay\"><\/div>\n\t\t\t\t\t\t\t\t\t\t\t\t\t\t\t<div class=\"elementor-gallery-item__content\">\n\t\t\t\t\t\t\t\t\t\t\t\t\t\t<div class=\"elementor-gallery-item__description\">\n\t\t\t\t\t\t\t\t\t\t\t\t\t\t\t\t\t\t<b>Nombre del Proyecto: <\/b>Rambla y Modulo Deportivo<br><b>A\u00f1o: <\/b>2012<br><b>Ubicaci\u00f3n: <\/b>Ciudad de M\u00e9xico, M\u00e9xico<br><b>Proyecto por: <\/b>BulAu<br><b>Cr\u00e9ditos: <\/b>H\u00e9ctor de la Pe\u00f1a\t\t\t\t\t\t\t\t<\/div>\n\t\t\t\t\t\t\t\t\t\t\t\t<\/div>\n\t\t\t\t\t\t\t\t\t<\/div>\n\t\t\t\t\t<\/div>\n\t\t\t\t\t<\/div>\n\t\t\t\t<\/div>\n\t\t\t\t<\/div>\n\t\t<div class=\"elementor-element elementor-element-39e5832 e-con-full e-flex e-con e-child\" data-id=\"39e5832\" data-element_type=\"container\">\n\t\t<div class=\"elementor-element elementor-element-0862bb5 e-con-full e-flex e-con e-child\" data-id=\"0862bb5\" data-element_type=\"container\">\n\t\t\t\t<div class=\"elementor-element elementor-element-c9fc27d elementor-widget-tablet__width-initial elementor-widget elementor-widget-gallery\" data-id=\"c9fc27d\" data-element_type=\"widget\" data-settings=\"{&quot;columns&quot;:1,&quot;gap&quot;:{&quot;unit&quot;:&quot;px&quot;,&quot;size&quot;:0,&quot;sizes&quot;:[]},&quot;aspect_ratio&quot;:&quot;16:9&quot;,&quot;overlay_description&quot;:&quot;description&quot;,&quot;columns_tablet&quot;:1,&quot;lazyload&quot;:&quot;yes&quot;,&quot;gallery_layout&quot;:&quot;grid&quot;,&quot;columns_mobile&quot;:1,&quot;gap_widescreen&quot;:{&quot;unit&quot;:&quot;px&quot;,&quot;size&quot;:&quot;&quot;,&quot;sizes&quot;:[]},&quot;gap_laptop&quot;:{&quot;unit&quot;:&quot;px&quot;,&quot;size&quot;:10,&quot;sizes&quot;:[]},&quot;gap_tablet&quot;:{&quot;unit&quot;:&quot;px&quot;,&quot;size&quot;:10,&quot;sizes&quot;:[]},&quot;gap_mobile&quot;:{&quot;unit&quot;:&quot;px&quot;,&quot;size&quot;:10,&quot;sizes&quot;:[]},&quot;overlay_background&quot;:&quot;yes&quot;,&quot;content_hover_animation&quot;:&quot;fade-in&quot;}\" data-widget_type=\"gallery.default\">\n\t\t\t\t\t\t\t<div class=\"elementor-gallery__container\">\n\t\t\t\t\t\t\t<div class=\"e-gallery-item elementor-gallery-item elementor-animated-content\">\n\t\t\t\t\t<div class=\"e-gallery-image elementor-gallery-item__image\" data-thumbnail=\"https:\/\/tahr.mx\/wp-content\/uploads\/2025\/07\/TAHR_Residential_Casa_Tres_Marias_Michoacan_01.jpg\" data-width=\"2559\" data-height=\"1708\" aria-label=\"TAHR_Residential_Casa_Tres_Mar\u00edas_Michoacan_01\" role=\"img\" ><\/div>\n\t\t\t\t\t\t\t\t\t\t\t<div class=\"elementor-gallery-item__overlay\"><\/div>\n\t\t\t\t\t\t\t\t\t\t\t\t\t\t\t<div class=\"elementor-gallery-item__content\">\n\t\t\t\t\t\t\t\t\t\t\t\t\t\t<div class=\"elementor-gallery-item__description\">\n\t\t\t\t\t\t\t\t\t\t\t\t\t\t\t\t\t\t<b>Nombre del Proyecto: <\/b>Casa Tres Mar\u00edas<br><b>A\u00f1o: <\/b>2012<br><b>Ubicaci\u00f3n: <\/b>Morelia, Michoac\u00e1n<br><b>Proyecto por: <\/b>ABAX<br><b>Cr\u00e9ditos: <\/b>Fernando de Haro, Jes\u00fas Fern\u00e1ndez, Omar Fuentes, Bertha Figueroa\t\t\t\t\t\t\t\t<\/div>\n\t\t\t\t\t\t\t\t\t\t\t\t<\/div>\n\t\t\t\t\t\t\t\t\t<\/div>\n\t\t\t\t\t<\/div>\n\t\t\t\t\t<\/div>\n\t\t\t\t<\/div>\n\t\t<div class=\"elementor-element elementor-element-23020a0 e-con-full e-flex e-con e-child\" data-id=\"23020a0\" data-element_type=\"container\">\n\t\t\t\t<div class=\"elementor-element elementor-element-bd789f1 elementor-widget-tablet__width-initial elementor-widget elementor-widget-gallery\" data-id=\"bd789f1\" data-element_type=\"widget\" data-settings=\"{&quot;columns&quot;:1,&quot;gap&quot;:{&quot;unit&quot;:&quot;px&quot;,&quot;size&quot;:0,&quot;sizes&quot;:[]},&quot;aspect_ratio&quot;:&quot;16:9&quot;,&quot;overlay_description&quot;:&quot;description&quot;,&quot;columns_tablet&quot;:1,&quot;lazyload&quot;:&quot;yes&quot;,&quot;gallery_layout&quot;:&quot;grid&quot;,&quot;columns_mobile&quot;:1,&quot;gap_widescreen&quot;:{&quot;unit&quot;:&quot;px&quot;,&quot;size&quot;:&quot;&quot;,&quot;sizes&quot;:[]},&quot;gap_laptop&quot;:{&quot;unit&quot;:&quot;px&quot;,&quot;size&quot;:10,&quot;sizes&quot;:[]},&quot;gap_tablet&quot;:{&quot;unit&quot;:&quot;px&quot;,&quot;size&quot;:10,&quot;sizes&quot;:[]},&quot;gap_mobile&quot;:{&quot;unit&quot;:&quot;px&quot;,&quot;size&quot;:10,&quot;sizes&quot;:[]},&quot;overlay_background&quot;:&quot;yes&quot;,&quot;content_hover_animation&quot;:&quot;fade-in&quot;}\" data-widget_type=\"gallery.default\">\n\t\t\t\t\t\t\t<div class=\"elementor-gallery__container\">\n\t\t\t\t\t\t\t<div class=\"e-gallery-item elementor-gallery-item elementor-animated-content\">\n\t\t\t\t\t<div class=\"e-gallery-image elementor-gallery-item__image\" data-thumbnail=\"https:\/\/tahr.mx\/wp-content\/uploads\/2025\/06\/7.jpg\" data-width=\"2246\" data-height=\"1122\" aria-label=\"TAHR_Master_Plan_Plaza_Cervantes_01\" role=\"img\" ><\/div>\n\t\t\t\t\t\t\t\t\t\t\t<div class=\"elementor-gallery-item__overlay\"><\/div>\n\t\t\t\t\t\t\t\t\t\t\t\t\t\t\t<div class=\"elementor-gallery-item__content\">\n\t\t\t\t\t\t\t\t\t\t\t\t\t\t<div class=\"elementor-gallery-item__description\">\n\t\t\t\t\t\t\t\t\t\t\t\t\t\t\t\t\t\t<b>Nombre del Proyecto: <\/b>Plaza Cervantes<br><b>A\u00f1o: <\/b>2012<br><b>Ubicaci\u00f3n: <\/b>Ciudad de M\u00e9xico, M\u00e9xico<br><b>Proyecto por: <\/b>BulAu<br><b>Cr\u00e9ditos: <\/b>H\u00e9ctor de la Pe\u00f1a\t\t\t\t\t\t\t\t<\/div>\n\t\t\t\t\t\t\t\t\t\t\t\t<\/div>\n\t\t\t\t\t\t\t\t\t<\/div>\n\t\t\t\t\t<\/div>\n\t\t\t\t\t<\/div>\n\t\t\t\t<\/div>\n\t\t<div class=\"elementor-element elementor-element-e967b6a e-con-full e-flex e-con e-child\" data-id=\"e967b6a\" data-element_type=\"container\">\n\t\t\t\t<div class=\"elementor-element elementor-element-4fd9067 elementor-widget-tablet__width-initial elementor-widget elementor-widget-gallery\" data-id=\"4fd9067\" data-element_type=\"widget\" data-settings=\"{&quot;columns&quot;:1,&quot;gap&quot;:{&quot;unit&quot;:&quot;px&quot;,&quot;size&quot;:0,&quot;sizes&quot;:[]},&quot;aspect_ratio&quot;:&quot;16:9&quot;,&quot;overlay_description&quot;:&quot;description&quot;,&quot;columns_tablet&quot;:1,&quot;lazyload&quot;:&quot;yes&quot;,&quot;gallery_layout&quot;:&quot;grid&quot;,&quot;columns_mobile&quot;:1,&quot;gap_widescreen&quot;:{&quot;unit&quot;:&quot;px&quot;,&quot;size&quot;:&quot;&quot;,&quot;sizes&quot;:[]},&quot;gap_laptop&quot;:{&quot;unit&quot;:&quot;px&quot;,&quot;size&quot;:10,&quot;sizes&quot;:[]},&quot;gap_tablet&quot;:{&quot;unit&quot;:&quot;px&quot;,&quot;size&quot;:10,&quot;sizes&quot;:[]},&quot;gap_mobile&quot;:{&quot;unit&quot;:&quot;px&quot;,&quot;size&quot;:10,&quot;sizes&quot;:[]},&quot;overlay_background&quot;:&quot;yes&quot;,&quot;content_hover_animation&quot;:&quot;fade-in&quot;}\" data-widget_type=\"gallery.default\">\n\t\t\t\t\t\t\t<div class=\"elementor-gallery__container\">\n\t\t\t\t\t\t\t<div class=\"e-gallery-item elementor-gallery-item elementor-animated-content\">\n\t\t\t\t\t<div class=\"e-gallery-image elementor-gallery-item__image\" data-thumbnail=\"https:\/\/tahr.mx\/wp-content\/uploads\/2025\/06\/BL-MXC-03.jpg\" data-width=\"2304\" data-height=\"1728\" aria-label=\"TAHR_Master_Plan_Beton_Hala_Belgrado_01\" role=\"img\" ><\/div>\n\t\t\t\t\t\t\t\t\t\t\t<div class=\"elementor-gallery-item__overlay\"><\/div>\n\t\t\t\t\t\t\t\t\t\t\t\t\t\t\t<div class=\"elementor-gallery-item__content\">\n\t\t\t\t\t\t\t\t\t\t\t\t\t\t<div class=\"elementor-gallery-item__description\">\n\t\t\t\t\t\t\t\t\t\t\t\t\t\t\t\t\t\t<b>Nombre del Proyecto: <\/b>Beton Hala (con Massimo Mirtolini)<br><b>A\u00f1o: <\/b>2011<br><b>Ubicaci\u00f3n: <\/b>Belgrado, Servia<br><b>Proyecto por: <\/b>BulAu<br><b>Cr\u00e9ditos: <\/b>H\u00e9ctor de la Pe\u00f1a\t\t\t\t\t\t\t\t<\/div>\n\t\t\t\t\t\t\t\t\t\t\t\t<\/div>\n\t\t\t\t\t\t\t\t\t<\/div>\n\t\t\t\t\t<\/div>\n\t\t\t\t\t<\/div>\n\t\t\t\t<\/div>\n\t\t\t\t<\/div>\n\t\t<div class=\"elementor-element elementor-element-49a48bb e-con-full e-flex e-con e-child\" data-id=\"49a48bb\" data-element_type=\"container\">\n\t\t<div class=\"elementor-element elementor-element-f8ffa87 e-con-full e-flex e-con e-child\" data-id=\"f8ffa87\" data-element_type=\"container\">\n\t\t\t\t<div class=\"elementor-element elementor-element-c389cce elementor-widget-tablet__width-initial elementor-widget elementor-widget-gallery\" data-id=\"c389cce\" data-element_type=\"widget\" data-settings=\"{&quot;columns&quot;:1,&quot;gap&quot;:{&quot;unit&quot;:&quot;px&quot;,&quot;size&quot;:0,&quot;sizes&quot;:[]},&quot;aspect_ratio&quot;:&quot;16:9&quot;,&quot;overlay_description&quot;:&quot;description&quot;,&quot;columns_tablet&quot;:1,&quot;lazyload&quot;:&quot;yes&quot;,&quot;gallery_layout&quot;:&quot;grid&quot;,&quot;columns_mobile&quot;:1,&quot;gap_widescreen&quot;:{&quot;unit&quot;:&quot;px&quot;,&quot;size&quot;:&quot;&quot;,&quot;sizes&quot;:[]},&quot;gap_laptop&quot;:{&quot;unit&quot;:&quot;px&quot;,&quot;size&quot;:10,&quot;sizes&quot;:[]},&quot;gap_tablet&quot;:{&quot;unit&quot;:&quot;px&quot;,&quot;size&quot;:10,&quot;sizes&quot;:[]},&quot;gap_mobile&quot;:{&quot;unit&quot;:&quot;px&quot;,&quot;size&quot;:10,&quot;sizes&quot;:[]},&quot;overlay_background&quot;:&quot;yes&quot;,&quot;content_hover_animation&quot;:&quot;fade-in&quot;}\" data-widget_type=\"gallery.default\">\n\t\t\t\t\t\t\t<div class=\"elementor-gallery__container\">\n\t\t\t\t\t\t\t<div class=\"e-gallery-item elementor-gallery-item elementor-animated-content\">\n\t\t\t\t\t<div class=\"e-gallery-image elementor-gallery-item__image\" data-thumbnail=\"https:\/\/tahr.mx\/wp-content\/uploads\/2025\/07\/TAHR_Residential_Casa_La_Punta_-Ciudad_de_Mexico_01.jpg\" data-width=\"706\" data-height=\"886\" aria-label=\"TAHR_Residential_Casa_La_Punta_ Ciudad_de_Mexico_01\" role=\"img\" ><\/div>\n\t\t\t\t\t\t\t\t\t\t\t<div class=\"elementor-gallery-item__overlay\"><\/div>\n\t\t\t\t\t\t\t\t\t\t\t\t\t\t\t<div class=\"elementor-gallery-item__content\">\n\t\t\t\t\t\t\t\t\t\t\t\t\t\t<div class=\"elementor-gallery-item__description\">\n\t\t\t\t\t\t\t\t\t\t\t\t\t\t\t\t\t\t<b>Nombre del Proyecto: <\/b>Casa la Punta<br><b>A\u00f1o: <\/b>2007<br><b>Ubicaci\u00f3n: <\/b>Ciudad de M\u00e9xico, M\u00e9xico<br><b>Proyecto por: <\/b>ABAX<br><b>Cr\u00e9ditos: <\/b>Fernando de Haro, Jes\u00fas Fern\u00e1ndez, Omar Fuentes, Bertha Figueroa\t\t\t\t\t\t\t\t<\/div>\n\t\t\t\t\t\t\t\t\t\t\t\t<\/div>\n\t\t\t\t\t\t\t\t\t<\/div>\n\t\t\t\t\t<\/div>\n\t\t\t\t\t<\/div>\n\t\t\t\t<\/div>\n\t\t<div class=\"elementor-element elementor-element-c40dc2a e-con-full e-flex e-con e-child\" data-id=\"c40dc2a\" data-element_type=\"container\">\n\t\t\t\t<div class=\"elementor-element elementor-element-40945e6 elementor-widget-tablet__width-initial elementor-widget elementor-widget-gallery\" data-id=\"40945e6\" data-element_type=\"widget\" data-settings=\"{&quot;columns&quot;:1,&quot;gap&quot;:{&quot;unit&quot;:&quot;px&quot;,&quot;size&quot;:0,&quot;sizes&quot;:[]},&quot;aspect_ratio&quot;:&quot;16:9&quot;,&quot;overlay_description&quot;:&quot;description&quot;,&quot;columns_tablet&quot;:1,&quot;lazyload&quot;:&quot;yes&quot;,&quot;gallery_layout&quot;:&quot;grid&quot;,&quot;columns_mobile&quot;:1,&quot;gap_widescreen&quot;:{&quot;unit&quot;:&quot;px&quot;,&quot;size&quot;:&quot;&quot;,&quot;sizes&quot;:[]},&quot;gap_laptop&quot;:{&quot;unit&quot;:&quot;px&quot;,&quot;size&quot;:10,&quot;sizes&quot;:[]},&quot;gap_tablet&quot;:{&quot;unit&quot;:&quot;px&quot;,&quot;size&quot;:10,&quot;sizes&quot;:[]},&quot;gap_mobile&quot;:{&quot;unit&quot;:&quot;px&quot;,&quot;size&quot;:10,&quot;sizes&quot;:[]},&quot;overlay_background&quot;:&quot;yes&quot;,&quot;content_hover_animation&quot;:&quot;fade-in&quot;}\" data-widget_type=\"gallery.default\">\n\t\t\t\t\t\t\t<div class=\"elementor-gallery__container\">\n\t\t\t\t\t\t\t<div class=\"e-gallery-item elementor-gallery-item elementor-animated-content\">\n\t\t\t\t\t<div class=\"e-gallery-image elementor-gallery-item__image\" data-thumbnail=\"https:\/\/tahr.mx\/wp-content\/uploads\/2025\/06\/3.jpg\" data-width=\"2128\" data-height=\"1416\" aria-label=\"TAHR_Housing_Development_Casa_Hojarasca_01\" role=\"img\" ><\/div>\n\t\t\t\t\t\t\t\t\t\t\t<div class=\"elementor-gallery-item__overlay\"><\/div>\n\t\t\t\t\t\t\t\t\t\t\t\t\t\t\t<div class=\"elementor-gallery-item__content\">\n\t\t\t\t\t\t\t\t\t\t\t\t\t\t<div class=\"elementor-gallery-item__description\">\n\t\t\t\t\t\t\t\t\t\t\t\t\t\t\t\t\t\t<b>Nombre del Proyecto: <\/b>Hojarasca<br><b>A\u00f1o: <\/b>2007<br><b>Ubicaci\u00f3n: <\/b>Ciudad de M\u00e9xico, M\u00e9xico<br><b>Proyecto por: <\/b>ABAX<br><b>Cr\u00e9ditos: <\/b>Fernando de Haro, Jes\u00fas Fern\u00e1ndez, Omar Fuentes, Bertha Figueroa\n\t\t\t\t\t\t\t\t<\/div>\n\t\t\t\t\t\t\t\t\t\t\t\t<\/div>\n\t\t\t\t\t\t\t\t\t<\/div>\n\t\t\t\t\t<\/div>\n\t\t\t\t\t<\/div>\n\t\t\t\t<\/div>\n\t\t<div class=\"elementor-element elementor-element-d7a7dc5 e-con-full e-flex e-con e-child\" data-id=\"d7a7dc5\" data-element_type=\"container\">\n\t\t\t\t<div class=\"elementor-element elementor-element-7e93edb elementor-widget-tablet__width-initial elementor-widget elementor-widget-gallery\" data-id=\"7e93edb\" data-element_type=\"widget\" data-settings=\"{&quot;columns&quot;:1,&quot;gap&quot;:{&quot;unit&quot;:&quot;px&quot;,&quot;size&quot;:0,&quot;sizes&quot;:[]},&quot;aspect_ratio&quot;:&quot;16:9&quot;,&quot;overlay_description&quot;:&quot;description&quot;,&quot;columns_tablet&quot;:1,&quot;lazyload&quot;:&quot;yes&quot;,&quot;gallery_layout&quot;:&quot;grid&quot;,&quot;columns_mobile&quot;:1,&quot;gap_widescreen&quot;:{&quot;unit&quot;:&quot;px&quot;,&quot;size&quot;:&quot;&quot;,&quot;sizes&quot;:[]},&quot;gap_laptop&quot;:{&quot;unit&quot;:&quot;px&quot;,&quot;size&quot;:10,&quot;sizes&quot;:[]},&quot;gap_tablet&quot;:{&quot;unit&quot;:&quot;px&quot;,&quot;size&quot;:10,&quot;sizes&quot;:[]},&quot;gap_mobile&quot;:{&quot;unit&quot;:&quot;px&quot;,&quot;size&quot;:10,&quot;sizes&quot;:[]},&quot;overlay_background&quot;:&quot;yes&quot;,&quot;content_hover_animation&quot;:&quot;fade-in&quot;}\" data-widget_type=\"gallery.default\">\n\t\t\t\t\t\t\t<div class=\"elementor-gallery__container\">\n\t\t\t\t\t\t\t<div class=\"e-gallery-item elementor-gallery-item elementor-animated-content\">\n\t\t\t\t\t<div class=\"e-gallery-image elementor-gallery-item__image\" data-thumbnail=\"https:\/\/tahr.mx\/wp-content\/uploads\/2025\/06\/AX-H-12.jpg\" data-width=\"1473\" data-height=\"1910\" aria-label=\"TAHR_Hospitality_NH_Hotel_Santa_Fe_01\" role=\"img\" ><\/div>\n\t\t\t\t\t\t\t\t\t\t\t<div class=\"elementor-gallery-item__overlay\"><\/div>\n\t\t\t\t\t\t\t\t\t\t\t\t\t\t\t<div class=\"elementor-gallery-item__content\">\n\t\t\t\t\t\t\t\t\t\t\t\t\t\t<div class=\"elementor-gallery-item__description\">\n\t\t\t\t\t\t\t\t\t\t\t\t\t\t\t\t\t\t<b>Nombre del Proyecto: <\/b>NH Santa Fe<br><b>A\u00f1o: <\/b>2005<br><b>Ubicaci\u00f3n: <\/b>Ciudad de M\u00e9xico, M\u00e9xico<br><b>Proyecto por: <\/b>ABAX<br><b>Cr\u00e9ditos: <\/b>Fernando de Haro, Jes\u00fas Fern\u00e1ndez, Omar Fuentes, Bertha Figueroa\t\t\t\t\t\t\t\t<\/div>\n\t\t\t\t\t\t\t\t\t\t\t\t<\/div>\n\t\t\t\t\t\t\t\t\t<\/div>\n\t\t\t\t\t<\/div>\n\t\t\t\t\t<\/div>\n\t\t\t\t<\/div>\n\t\t\t\t<\/div>\n\t\t<div class=\"elementor-element elementor-element-95cf4b7 e-con-full e-flex e-con e-child\" data-id=\"95cf4b7\" data-element_type=\"container\">\n\t\t<div class=\"elementor-element elementor-element-83c4166 e-con-full e-flex e-con e-child\" data-id=\"83c4166\" data-element_type=\"container\">\n\t\t\t\t<div class=\"elementor-element elementor-element-50df745 elementor-widget-tablet__width-initial elementor-widget elementor-widget-gallery\" data-id=\"50df745\" data-element_type=\"widget\" data-settings=\"{&quot;columns&quot;:1,&quot;gap&quot;:{&quot;unit&quot;:&quot;px&quot;,&quot;size&quot;:0,&quot;sizes&quot;:[]},&quot;aspect_ratio&quot;:&quot;16:9&quot;,&quot;overlay_description&quot;:&quot;description&quot;,&quot;columns_tablet&quot;:1,&quot;lazyload&quot;:&quot;yes&quot;,&quot;gallery_layout&quot;:&quot;grid&quot;,&quot;columns_mobile&quot;:1,&quot;gap_widescreen&quot;:{&quot;unit&quot;:&quot;px&quot;,&quot;size&quot;:&quot;&quot;,&quot;sizes&quot;:[]},&quot;gap_laptop&quot;:{&quot;unit&quot;:&quot;px&quot;,&quot;size&quot;:10,&quot;sizes&quot;:[]},&quot;gap_tablet&quot;:{&quot;unit&quot;:&quot;px&quot;,&quot;size&quot;:10,&quot;sizes&quot;:[]},&quot;gap_mobile&quot;:{&quot;unit&quot;:&quot;px&quot;,&quot;size&quot;:10,&quot;sizes&quot;:[]},&quot;overlay_background&quot;:&quot;yes&quot;,&quot;content_hover_animation&quot;:&quot;fade-in&quot;}\" data-widget_type=\"gallery.default\">\n\t\t\t\t\t\t\t<div class=\"elementor-gallery__container\">\n\t\t\t\t\t\t\t<div class=\"e-gallery-item elementor-gallery-item elementor-animated-content\">\n\t\t\t\t\t<div class=\"e-gallery-image elementor-gallery-item__image\" data-thumbnail=\"https:\/\/tahr.mx\/wp-content\/uploads\/2025\/06\/AX-H-11.jpg\" data-width=\"1904\" data-height=\"2475\" aria-label=\"TAHR_Hospitality_Fiesta_Americana_Queretaro_01\" role=\"img\" ><\/div>\n\t\t\t\t\t\t\t\t\t\t\t<div class=\"elementor-gallery-item__overlay\"><\/div>\n\t\t\t\t\t\t\t\t\t\t\t\t\t\t\t<div class=\"elementor-gallery-item__content\">\n\t\t\t\t\t\t\t\t\t\t\t\t\t\t<div class=\"elementor-gallery-item__description\">\n\t\t\t\t\t\t\t\t\t\t\t\t\t\t\t\t\t\t<b>Nombre del Proyecto: <\/b>Fiesta Americana Grand Queretaro<br><b>A\u00f1o: <\/b>2004<br><b>Ubicaci\u00f3n: <\/b>Quer\u00e9taro, Quer\u00e9taro<br><b>Proyecto por: <\/b>ABAX<br><b>Cr\u00e9ditos: <\/b>Fernando de Haro, Jes\u00fas Fern\u00e1ndez, Omar Fuentes, Bertha Figueroa\t\t\t\t\t\t\t\t<\/div>\n\t\t\t\t\t\t\t\t\t\t\t\t<\/div>\n\t\t\t\t\t\t\t\t\t<\/div>\n\t\t\t\t\t<\/div>\n\t\t\t\t\t<\/div>\n\t\t\t\t<\/div>\n\t\t<div class=\"elementor-element elementor-element-f142f3b e-con-full e-flex e-con e-child\" data-id=\"f142f3b\" data-element_type=\"container\">\n\t\t\t\t<div class=\"elementor-element elementor-element-d48a330 elementor-widget-tablet__width-initial elementor-widget elementor-widget-gallery\" data-id=\"d48a330\" data-element_type=\"widget\" data-settings=\"{&quot;columns&quot;:1,&quot;gap&quot;:{&quot;unit&quot;:&quot;px&quot;,&quot;size&quot;:0,&quot;sizes&quot;:[]},&quot;aspect_ratio&quot;:&quot;16:9&quot;,&quot;overlay_description&quot;:&quot;description&quot;,&quot;columns_tablet&quot;:1,&quot;lazyload&quot;:&quot;yes&quot;,&quot;gallery_layout&quot;:&quot;grid&quot;,&quot;columns_mobile&quot;:1,&quot;gap_widescreen&quot;:{&quot;unit&quot;:&quot;px&quot;,&quot;size&quot;:&quot;&quot;,&quot;sizes&quot;:[]},&quot;gap_laptop&quot;:{&quot;unit&quot;:&quot;px&quot;,&quot;size&quot;:10,&quot;sizes&quot;:[]},&quot;gap_tablet&quot;:{&quot;unit&quot;:&quot;px&quot;,&quot;size&quot;:10,&quot;sizes&quot;:[]},&quot;gap_mobile&quot;:{&quot;unit&quot;:&quot;px&quot;,&quot;size&quot;:10,&quot;sizes&quot;:[]},&quot;overlay_background&quot;:&quot;yes&quot;,&quot;content_hover_animation&quot;:&quot;fade-in&quot;}\" data-widget_type=\"gallery.default\">\n\t\t\t\t\t\t\t<div class=\"elementor-gallery__container\">\n\t\t\t\t\t\t\t<div class=\"e-gallery-item elementor-gallery-item elementor-animated-content\">\n\t\t\t\t\t<div class=\"e-gallery-image elementor-gallery-item__image\" data-thumbnail=\"https:\/\/tahr.mx\/wp-content\/uploads\/2025\/06\/1.jpg\" data-width=\"591\" data-height=\"640\" aria-label=\"TAHR_Used_Mixed_Corporativo_Santa_Fe_01\" role=\"img\" ><\/div>\n\t\t\t\t\t\t\t\t\t\t\t<div class=\"elementor-gallery-item__overlay\"><\/div>\n\t\t\t\t\t\t\t\t\t\t\t\t\t\t\t<div class=\"elementor-gallery-item__content\">\n\t\t\t\t\t\t\t\t\t\t\t\t\t\t<div class=\"elementor-gallery-item__description\">\n\t\t\t\t\t\t\t\t\t\t\t\t\t\t\t\t\t\t<b>Nombre del Proyecto: <\/b>Corporativo Santa Fe<br><b>A\u00f1o: <\/b>2000<br><b>Ubicaci\u00f3n: <\/b>Ciudad de M\u00e9xico, M\u00e9xico<br><b>Proyecto por: <\/b>ABAX<br><b>Cr\u00e9ditos: <\/b>Fernando de Haro y Jes\u00fas Fern\u00e1ndez\t\t\t\t\t\t\t\t<\/div>\n\t\t\t\t\t\t\t\t\t\t\t\t<\/div>\n\t\t\t\t\t\t\t\t\t<\/div>\n\t\t\t\t\t<\/div>\n\t\t\t\t\t<\/div>\n\t\t\t\t<\/div>\n\t\t<div class=\"elementor-element elementor-element-87d05b3 e-con-full e-flex e-con e-child\" data-id=\"87d05b3\" data-element_type=\"container\">\n\t\t\t\t<\/div>\n\t\t\t\t<\/div>\n\t\t<div class=\"elementor-element elementor-element-e555c25 e-con-full e-flex e-con e-child\" data-id=\"e555c25\" data-element_type=\"container\">\n\t\t<div class=\"elementor-element elementor-element-515f2ff e-con-full e-flex e-con e-child\" data-id=\"515f2ff\" data-element_type=\"container\">\n\t\t\t\t<div class=\"elementor-element elementor-element-9c21a9d elementor-widget-tablet__width-initial elementor-widget elementor-widget-text-editor\" data-id=\"9c21a9d\" data-element_type=\"widget\" data-widget_type=\"text-editor.default\">\n\t\t\t\t\t\t\t\t\t<p style=\"text-align: right;\"><a href=\"https:\/\/tahr.mx\/es\/index-de-proyectos\/\">VIEW INDEX<\/a><\/p>\t\t\t\t\t\t\t\t<\/div>\n\t\t\t\t<\/div>\n\t\t\t\t<\/div>\n\t\t\t\t<\/div>\n\t\t\t\t\t<\/div>\n\t\t<\/div>\n\t\t\t\t\t\t<\/div>\n\t\t\t\t\t<\/div>\n\t\t<\/div>\n\t\t\t\t\t<\/div>\n\t\t<\/section>\n\t\t\t\t<section class=\"elementor-section elementor-top-section elementor-element elementor-element-f2e74e5 elementor-section-boxed elementor-section-height-default elementor-section-height-default\" data-id=\"f2e74e5\" data-element_type=\"section\">\n\t\t\t\t\t\t<div class=\"elementor-container elementor-column-gap-default\">\n\t\t\t\t\t<div class=\"elementor-column elementor-col-100 elementor-top-column elementor-element elementor-element-15aceb3\" data-id=\"15aceb3\" data-element_type=\"column\">\n\t\t\t<div class=\"elementor-widget-wrap elementor-element-populated\">\n\t\t\t\t\t\t<div class=\"elementor-element elementor-element-b4882c8 elementor-widget elementor-widget-spacer\" data-id=\"b4882c8\" data-element_type=\"widget\" data-widget_type=\"spacer.default\">\n\t\t\t\t\t\t\t<div class=\"elementor-spacer\">\n\t\t\t<div class=\"elementor-spacer-inner\"><\/div>\n\t\t<\/div>\n\t\t\t\t\t\t<\/div>\n\t\t\t\t<section class=\"elementor-section elementor-inner-section elementor-element elementor-element-61737b9 elementor-section-full_width elementor-section-height-default elementor-section-height-default\" data-id=\"61737b9\" data-element_type=\"section\">\n\t\t\t\t\t\t<div class=\"elementor-container elementor-column-gap-default\">\n\t\t\t\t\t<div class=\"elementor-column elementor-col-50 elementor-inner-column elementor-element elementor-element-03a4221\" data-id=\"03a4221\" data-element_type=\"column\">\n\t\t\t<div class=\"elementor-widget-wrap elementor-element-populated\">\n\t\t\t\t\t\t<div class=\"elementor-element elementor-element-074f1d9 elementor-widget elementor-widget-heading\" data-id=\"074f1d9\" data-element_type=\"widget\" data-widget_type=\"heading.default\">\n\t\t\t\t\t<h2 class=\"elementor-heading-title elementor-size-default\">SE PARTE DE TAHR<\/h2>\t\t\t\t<\/div>\n\t\t<div class=\"elementor-element elementor-element-5cc392a e-flex e-con-boxed e-con e-parent\" data-id=\"5cc392a\" data-element_type=\"container\">\n\t\t\t\t\t<div class=\"e-con-inner\">\n\t\t<div class=\"elementor-element elementor-element-f78cc94 e-con-full e-flex e-con e-child\" data-id=\"f78cc94\" data-element_type=\"container\">\n\t\t\t\t<div class=\"elementor-element elementor-element-08ee6d0 elementor-widget-laptop__width-initial elementor-widget elementor-widget-image\" data-id=\"08ee6d0\" data-element_type=\"widget\" data-widget_type=\"image.default\">\n\t\t\t\t\t\t\t\t\t\t\t\t\t\t\t<img loading=\"lazy\" decoding=\"async\" width=\"2560\" height=\"1709\" src=\"https:\/\/tahr.mx\/wp-content\/uploads\/2025\/06\/MSE9439_1-scaled.jpg\" class=\"attachment-full size-full wp-image-6773\" alt=\"TAHR_Team_06\" srcset=\"https:\/\/tahr.mx\/wp-content\/uploads\/2025\/06\/MSE9439_1-scaled.jpg 2560w, https:\/\/tahr.mx\/wp-content\/uploads\/2025\/06\/MSE9439_1-300x200.jpg 300w, https:\/\/tahr.mx\/wp-content\/uploads\/2025\/06\/MSE9439_1-1024x683.jpg 1024w, https:\/\/tahr.mx\/wp-content\/uploads\/2025\/06\/MSE9439_1-768x513.jpg 768w, https:\/\/tahr.mx\/wp-content\/uploads\/2025\/06\/MSE9439_1-1536x1025.jpg 1536w, https:\/\/tahr.mx\/wp-content\/uploads\/2025\/06\/MSE9439_1-2048x1367.jpg 2048w, https:\/\/tahr.mx\/wp-content\/uploads\/2025\/06\/MSE9439_1-18x12.jpg 18w\" sizes=\"(max-width: 2560px) 100vw, 2560px\" \/>\t\t\t\t\t\t\t\t\t\t\t\t\t\t\t<\/div>\n\t\t\t\t<\/div>\n\t\t<div class=\"elementor-element elementor-element-6ab8935 e-con-full e-flex e-con e-child\" data-id=\"6ab8935\" data-element_type=\"container\">\n\t\t\t\t<div class=\"elementor-element elementor-element-77a1c97 elementor-widget elementor-widget-image\" data-id=\"77a1c97\" data-element_type=\"widget\" data-widget_type=\"image.default\">\n\t\t\t\t\t\t\t\t\t\t\t\t\t\t\t<img loading=\"lazy\" decoding=\"async\" width=\"2560\" height=\"1709\" src=\"https:\/\/tahr.mx\/wp-content\/uploads\/2025\/06\/MSE9445-scaled.jpg\" class=\"attachment-full size-full wp-image-6772\" alt=\"TAHR_Team_07\" srcset=\"https:\/\/tahr.mx\/wp-content\/uploads\/2025\/06\/MSE9445-scaled.jpg 2560w, https:\/\/tahr.mx\/wp-content\/uploads\/2025\/06\/MSE9445-300x200.jpg 300w, https:\/\/tahr.mx\/wp-content\/uploads\/2025\/06\/MSE9445-1024x683.jpg 1024w, https:\/\/tahr.mx\/wp-content\/uploads\/2025\/06\/MSE9445-768x513.jpg 768w, https:\/\/tahr.mx\/wp-content\/uploads\/2025\/06\/MSE9445-1536x1025.jpg 1536w, https:\/\/tahr.mx\/wp-content\/uploads\/2025\/06\/MSE9445-2048x1367.jpg 2048w, https:\/\/tahr.mx\/wp-content\/uploads\/2025\/06\/MSE9445-18x12.jpg 18w\" sizes=\"(max-width: 2560px) 100vw, 2560px\" \/>\t\t\t\t\t\t\t\t\t\t\t\t\t\t\t<\/div>\n\t\t\t\t<\/div>\n\t\t\t\t\t<\/div>\n\t\t\t\t<\/div>\n\t\t\t\t\t<\/div>\n\t\t<\/div>\n\t\t\t\t<div class=\"elementor-column elementor-col-50 elementor-inner-column elementor-element elementor-element-30f0e78\" data-id=\"30f0e78\" data-element_type=\"column\">\n\t\t\t<div class=\"elementor-widget-wrap elementor-element-populated\">\n\t\t\t\t\t\t<div class=\"elementor-element elementor-element-37879aa elementor-widget elementor-widget-spacer\" data-id=\"37879aa\" data-element_type=\"widget\" data-widget_type=\"spacer.default\">\n\t\t\t\t\t\t\t<div class=\"elementor-spacer\">\n\t\t\t<div class=\"elementor-spacer-inner\"><\/div>\n\t\t<\/div>\n\t\t\t\t\t\t<\/div>\n\t\t\t\t<div class=\"elementor-element elementor-element-3e66c15 elementor-widget elementor-widget-text-editor\" data-id=\"3e66c15\" data-element_type=\"widget\" data-widget_type=\"text-editor.default\">\n\t\t\t\t\t\t\t\t\t<p>Nos esforzamos por contratar a las mejores personas y brindarles las herramientas que necesitan para prosperar..<\/p><p><strong><span style=\"color: #68715f;\"><a style=\"color: #68715f;\" href=\"https:\/\/tahr.mx\/es\/contact\/\"><span style=\"text-decoration: underline;\">Aplicar ahora<\/span><\/a><\/span><\/strong><\/p>\t\t\t\t\t\t\t\t<\/div>\n\t\t\t\t\t<\/div>\n\t\t<\/div>\n\t\t\t\t\t<\/div>\n\t\t<\/section>\n\t\t\t\t\t<\/div>\n\t\t<\/div>\n\t\t\t\t\t<\/div>\n\t\t<\/section>\n\t\t\t\t<section class=\"elementor-section elementor-top-section elementor-element elementor-element-c690415 elementor-section-boxed elementor-section-height-default elementor-section-height-default\" data-id=\"c690415\" data-element_type=\"section\">\n\t\t\t\t\t\t<div class=\"elementor-container elementor-column-gap-default\">\n\t\t\t\t\t<div class=\"elementor-column elementor-col-100 elementor-top-column elementor-element elementor-element-2ec3b58\" data-id=\"2ec3b58\" data-element_type=\"column\">\n\t\t\t<div class=\"elementor-widget-wrap elementor-element-populated\">\n\t\t\t\t\t\t<div class=\"elementor-element elementor-element-902c2d4 elementor-widget elementor-widget-spacer\" data-id=\"902c2d4\" data-element_type=\"widget\" data-widget_type=\"spacer.default\">\n\t\t\t\t\t\t\t<div class=\"elementor-spacer\">\n\t\t\t<div class=\"elementor-spacer-inner\"><\/div>\n\t\t<\/div>\n\t\t\t\t\t\t<\/div>\n\t\t\t\t\t<\/div>\n\t\t<\/div>\n\t\t\t\t\t<\/div>\n\t\t<\/section>\n\t\t\t\t<\/div>",
        "protected": false
    },
    "excerpt": {
        "rendered": "<p>Taller Legado Asesores de confianza con un gusto impecable Nos apasiona impulsar una experiencia sana, inspiradora y ben\u00e9fica para nuestros clientes y nuestros colaboradores Es por eso que fomentamos el intercambio de ideas, incentivamos la continua capacitaci\u00f3n, construimos un sistema de valores compartidos y alentamos una cultura unificada en la compa\u00f1\u00eda. Asimismo, trabajamos \u00e1gilmente y [&hellip;]<\/p>",
        "protected": false
    },
    "author": 1,
    "featured_media": 0,
    "parent": 0,
    "menu_order": 0,
    "comment_status": "closed",
    "ping_status": "closed",
    "template": "",
    "meta": {
        "footnotes": ""
    },
    "class_list": [
        "post-746",
        "page",
        "type-page",
        "status-publish",
        "hentry"
    ],
    "_links": {
        "self": [
            {
                "href": "https:\/\/tahr.mx\/es\/wp-json\/wp\/v2\/pages\/746",
                "targetHints": {
                    "allow": [
                        "GET"
                    ]
                }
            }
        ],
        "collection": [
            {
                "href": "https:\/\/tahr.mx\/es\/wp-json\/wp\/v2\/pages"
            }
        ],
        "about": [
            {
                "href": "https:\/\/tahr.mx\/es\/wp-json\/wp\/v2\/types\/page"
            }
        ],
        "author": [
            {
                "embeddable": true,
                "href": "https:\/\/tahr.mx\/es\/wp-json\/wp\/v2\/users\/1"
            }
        ],
        "replies": [
            {
                "embeddable": true,
                "href": "https:\/\/tahr.mx\/es\/wp-json\/wp\/v2\/comments?post=746"
            }
        ],
        "version-history": [
            {
                "count": 1282,
                "href": "https:\/\/tahr.mx\/es\/wp-json\/wp\/v2\/pages\/746\/revisions"
            }
        ],
        "predecessor-version": [
            {
                "id": 9422,
                "href": "https:\/\/tahr.mx\/es\/wp-json\/wp\/v2\/pages\/746\/revisions\/9422"
            }
        ],
        "wp:attachment": [
            {
                "href": "https:\/\/tahr.mx\/es\/wp-json\/wp\/v2\/media?parent=746"
            }
        ],
        "curies": [
            {
                "name": "wp",
                "href": "https:\/\/api.w.org\/{rel}",
                "templated": true
            }
        ]
    }
}