{
    "id": 721,
    "date": "2023-11-02T13:43:04",
    "date_gmt": "2023-11-02T19:43:04",
    "guid": {
        "rendered": "https:\/\/tahr.mx\/?page_id=721"
    },
    "modified": "2025-10-22T11:54:42",
    "modified_gmt": "2025-10-22T17:54:42",
    "slug": "awards-recognitions",
    "status": "publish",
    "type": "page",
    "link": "https:\/\/tahr.mx\/es\/awards-recognitions\/",
    "title": {
        "rendered": "AWARDS &#038; RECOGNITIONS"
    },
    "content": {
        "rendered": "<div data-elementor-type=\"wp-page\" data-elementor-id=\"721\" class=\"elementor elementor-721\" data-elementor-post-type=\"page\">\n\t\t\t\t\t\t<section class=\"elementor-section elementor-top-section elementor-element elementor-element-a71c311 elementor-section-boxed elementor-section-height-default elementor-section-height-default\" data-id=\"a71c311\" data-element_type=\"section\">\n\t\t\t\t\t\t<div class=\"elementor-container elementor-column-gap-default\">\n\t\t\t\t\t<div class=\"elementor-column elementor-col-100 elementor-top-column elementor-element elementor-element-3687979\" data-id=\"3687979\" data-element_type=\"column\">\n\t\t\t<div class=\"elementor-widget-wrap elementor-element-populated\">\n\t\t\t\t\t\t<div class=\"elementor-element elementor-element-526858c elementor-widget elementor-widget-heading\" data-id=\"526858c\" data-element_type=\"widget\" data-widget_type=\"heading.default\">\n\t\t\t\t\t<h2 class=\"elementor-heading-title elementor-size-default\">Premios<\/h2>\t\t\t\t<\/div>\n\t\t\t\t<div class=\"elementor-element elementor-element-f4c22b2 elementor-widget elementor-widget-text-editor\" data-id=\"f4c22b2\" data-element_type=\"widget\" data-widget_type=\"text-editor.default\">\n\t\t\t\t\t\t\t\t\t<p>TAHR es un despacho respaldado por la s\u00f3lida trayectoria de sus socios, cuya experiencia se forj\u00f3 en iniciativas previas. Desde 2022, Pablo Blasco, Jes\u00fas Fern\u00e1ndez y Sof\u00eda Bezaury \u2013antiguos socios y miembros de Abax\u2013 se asociaron con H\u00e9ctor de la Pe\u00f1a, quien previamente lider\u00f3 BulAu Arquitectos, para consolidar su pr\u00e1ctica conjunta bajo el nombre de TAHR, Taller de Arquitectura Hotelera y Residencial. TAHR da continuidad a la trayectoria de sus socios, integrando una visi\u00f3n contempor\u00e1nea distintiva.<\/p><p>Llamado Abax durante m\u00e1s de 40 a\u00f1os, el estudio previo se estableci\u00f3 con la pasi\u00f3n de crear espacios personalizados, sensibles al contexto y elaborados con precisi\u00f3n y cuidado. Re-estructurado en TAHR, su propuesta se fundamenta en un profundo conocimiento de la arquitectura de alto nivel y en un proceso colaborativo entre el arquitecto, el cliente y el constructor, lo que permite a todas las partes involucradas participar plenamente en el dise\u00f1o y beneficiarse del compromiso con la excelencia. Con un equipo s\u00f3lido y una estructura sostenible a largo plazo, TAHR se proyecta a convertirse en una de las firmas mexicanas con mayor alcance global en tipolog\u00edas hoteleras y residenciales de lujo.<\/p>\t\t\t\t\t\t\t\t<\/div>\n\t\t\t\t<div class=\"elementor-element elementor-element-10f8296 elementor-widget elementor-widget-spacer\" data-id=\"10f8296\" data-element_type=\"widget\" data-widget_type=\"spacer.default\">\n\t\t\t\t\t\t\t<div class=\"elementor-spacer\">\n\t\t\t<div class=\"elementor-spacer-inner\"><\/div>\n\t\t<\/div>\n\t\t\t\t\t\t<\/div>\n\t\t\t\t\t<\/div>\n\t\t<\/div>\n\t\t\t\t\t<\/div>\n\t\t<\/section>\n\t\t<div class=\"elementor-element elementor-element-c31abea e-flex e-con-boxed e-con e-parent\" data-id=\"c31abea\" data-element_type=\"container\">\n\t\t\t\t\t<div class=\"e-con-inner\">\n\t\t<div class=\"elementor-element elementor-element-fa68e06 e-con-full e-flex e-con e-child\" data-id=\"fa68e06\" data-element_type=\"container\">\n\t\t\t\t<div class=\"elementor-element elementor-element-b473341 elementor-widget elementor-widget-gallery\" data-id=\"b473341\" data-element_type=\"widget\" data-settings=\"{&quot;gallery_layout&quot;:&quot;masonry&quot;,&quot;columns&quot;:1,&quot;columns_tablet&quot;:1,&quot;overlay_title&quot;:&quot;caption&quot;,&quot;lazyload&quot;:&quot;yes&quot;,&quot;columns_mobile&quot;:1,&quot;gap&quot;:{&quot;unit&quot;:&quot;px&quot;,&quot;size&quot;:10,&quot;sizes&quot;:[]},&quot;gap_widescreen&quot;:{&quot;unit&quot;:&quot;px&quot;,&quot;size&quot;:&quot;&quot;,&quot;sizes&quot;:[]},&quot;gap_laptop&quot;:{&quot;unit&quot;:&quot;px&quot;,&quot;size&quot;:10,&quot;sizes&quot;:[]},&quot;gap_tablet&quot;:{&quot;unit&quot;:&quot;px&quot;,&quot;size&quot;:10,&quot;sizes&quot;:[]},&quot;gap_mobile&quot;:{&quot;unit&quot;:&quot;px&quot;,&quot;size&quot;:10,&quot;sizes&quot;:[]},&quot;link_to&quot;:&quot;file&quot;,&quot;overlay_background&quot;:&quot;yes&quot;,&quot;content_hover_animation&quot;:&quot;fade-in&quot;}\" data-widget_type=\"gallery.default\">\n\t\t\t\t\t\t\t<div class=\"elementor-gallery__container\">\n\t\t\t\t\t\t\t<a class=\"e-gallery-item elementor-gallery-item elementor-animated-content\" href=\"https:\/\/tahr.mx\/wp-content\/uploads\/2025\/10\/WhatsApp-Image-2025-10-10-at-13.08.05.jpeg\" data-elementor-open-lightbox=\"yes\" data-elementor-lightbox-slideshow=\"b473341\" data-elementor-lightbox-title=\"TAHR_Awards_Wellness\" data-elementor-lightbox-description=\"TAHR_Awards_Wellness_Ananas_Spa\" data-e-action-hash=\"#elementor-action%3Aaction%3Dlightbox%26settings%3DeyJpZCI6OTM1MiwidXJsIjoiaHR0cHM6XC9cL3RhaHIubXhcL3dwLWNvbnRlbnRcL3VwbG9hZHNcLzIwMjVcLzEwXC9XaGF0c0FwcC1JbWFnZS0yMDI1LTEwLTEwLWF0LTEzLjA4LjA1LmpwZWciLCJzbGlkZXNob3ciOiJiNDczMzQxIn0%3D\">\n\t\t\t\t\t<div class=\"e-gallery-image elementor-gallery-item__image\" data-thumbnail=\"https:\/\/tahr.mx\/wp-content\/uploads\/2025\/10\/WhatsApp-Image-2025-10-10-at-13.08.05.jpeg\" data-width=\"957\" data-height=\"957\" aria-label=\"TAHR_Awards_Wellness_Ananas_Spa\" role=\"img\" ><\/div>\n\t\t\t\t\t\t\t\t\t\t\t<div class=\"elementor-gallery-item__overlay\"><\/div>\n\t\t\t\t\t\t\t\t\t\t\t\t\t\t\t<div class=\"elementor-gallery-item__content\">\n\t\t\t\t\t\t\t\t\t\t\t\t\t\t<div class=\"elementor-gallery-item__title\">\n\t\t\t\t\t\t\t\t\t\t\t\t\t\t\t\t\t\tWinner<br>\nWellness Award, Ananas Spa, Cotton Bay\t\t\t\t\t\t\t\t<\/div>\n\t\t\t\t\t\t\t\t\t\t\t\t<\/div>\n\t\t\t\t\t\t\t\t\t<\/a>\n\t\t\t\t\t<\/div>\n\t\t\t\t\t<\/div>\n\t\t\t\t<div class=\"elementor-element elementor-element-aed999e elementor-widget elementor-widget-heading\" data-id=\"aed999e\" data-element_type=\"widget\" data-widget_type=\"heading.default\">\n\t\t\t\t\t<h2 class=\"elementor-heading-title elementor-size-default\">2025 BLT Built Design Awards \u2013 Categor\u00eda Wellness\n<\/h2>\t\t\t\t<\/div>\n\t\t\t\t<\/div>\n\t\t<div class=\"elementor-element elementor-element-d6b0f55 e-con-full e-flex e-con e-child\" data-id=\"d6b0f55\" data-element_type=\"container\">\n\t\t\t\t<div class=\"elementor-element elementor-element-f45e265 elementor-widget elementor-widget-gallery\" data-id=\"f45e265\" data-element_type=\"widget\" data-settings=\"{&quot;gallery_layout&quot;:&quot;masonry&quot;,&quot;columns&quot;:1,&quot;columns_tablet&quot;:1,&quot;overlay_title&quot;:&quot;caption&quot;,&quot;lazyload&quot;:&quot;yes&quot;,&quot;columns_mobile&quot;:1,&quot;gap&quot;:{&quot;unit&quot;:&quot;px&quot;,&quot;size&quot;:10,&quot;sizes&quot;:[]},&quot;gap_widescreen&quot;:{&quot;unit&quot;:&quot;px&quot;,&quot;size&quot;:&quot;&quot;,&quot;sizes&quot;:[]},&quot;gap_laptop&quot;:{&quot;unit&quot;:&quot;px&quot;,&quot;size&quot;:10,&quot;sizes&quot;:[]},&quot;gap_tablet&quot;:{&quot;unit&quot;:&quot;px&quot;,&quot;size&quot;:10,&quot;sizes&quot;:[]},&quot;gap_mobile&quot;:{&quot;unit&quot;:&quot;px&quot;,&quot;size&quot;:10,&quot;sizes&quot;:[]},&quot;link_to&quot;:&quot;file&quot;,&quot;overlay_background&quot;:&quot;yes&quot;,&quot;content_hover_animation&quot;:&quot;fade-in&quot;}\" data-widget_type=\"gallery.default\">\n\t\t\t\t\t\t\t<div class=\"elementor-gallery__container\">\n\t\t\t\t\t\t\t<a class=\"e-gallery-item elementor-gallery-item elementor-animated-content\" href=\"https:\/\/tahr.mx\/wp-content\/uploads\/2025\/07\/TAHR_Awards_Hoteleria_Zadun_A_Ritz_Carlton_Reserve_01-scaled.jpg\" data-elementor-open-lightbox=\"yes\" data-elementor-lightbox-slideshow=\"f45e265\" data-elementor-lightbox-title=\"TAHR_Awards_Hoteleria_Zadun_A_Ritz_Carlton_Reserve_01\" data-e-action-hash=\"#elementor-action%3Aaction%3Dlightbox%26settings%3DeyJpZCI6Nzc5OCwidXJsIjoiaHR0cHM6XC9cL3RhaHIubXhcL3dwLWNvbnRlbnRcL3VwbG9hZHNcLzIwMjVcLzA3XC9UQUhSX0F3YXJkc19Ib3RlbGVyaWFfWmFkdW5fQV9SaXR6X0Nhcmx0b25fUmVzZXJ2ZV8wMS1zY2FsZWQuanBnIiwic2xpZGVzaG93IjoiZjQ1ZTI2NSJ9\">\n\t\t\t\t\t<div class=\"e-gallery-image elementor-gallery-item__image\" data-thumbnail=\"https:\/\/tahr.mx\/wp-content\/uploads\/2025\/07\/TAHR_Awards_Hoteleria_Zadun_A_Ritz_Carlton_Reserve_01-scaled.jpg\" data-width=\"2560\" data-height=\"2560\" aria-label=\"TAHR_Awards_Hoteleria_Zadun_A_Ritz_Carlton_Reserve_01\" role=\"img\" ><\/div>\n\t\t\t\t\t\t\t\t\t\t\t<div class=\"elementor-gallery-item__overlay\"><\/div>\n\t\t\t\t\t\t\t\t\t\t\t\t\t\t\t<div class=\"elementor-gallery-item__content\">\n\t\t\t\t\t\t\t\t\t\t\t\t\t\t<div class=\"elementor-gallery-item__title\">\n\t\t\t\t\t\t\t\t\t\t\t\t\t\t\t\t\t\tMedalla de plata<br>\nZad\u00fan, a Ritz-Carlton Reserve, Abax\t\t\t\t\t\t\t\t<\/div>\n\t\t\t\t\t\t\t\t\t\t\t\t<\/div>\n\t\t\t\t\t\t\t\t\t<\/a>\n\t\t\t\t\t<\/div>\n\t\t\t\t\t<\/div>\n\t\t\t\t<div class=\"elementor-element elementor-element-d7dd75e elementor-widget elementor-widget-heading\" data-id=\"d7dd75e\" data-element_type=\"widget\" data-widget_type=\"heading.default\">\n\t\t\t\t\t<h2 class=\"elementor-heading-title elementor-size-default\">A\u2019Design Awards 2021 \u2013 Categor\u00eda Hospitalidad\n<\/h2>\t\t\t\t<\/div>\n\t\t\t\t<\/div>\n\t\t\t\t\t<\/div>\n\t\t\t\t<\/div>\n\t\t<div class=\"elementor-element elementor-element-cf9bd00 e-flex e-con-boxed e-con e-parent\" data-id=\"cf9bd00\" data-element_type=\"container\">\n\t\t\t\t\t<div class=\"e-con-inner\">\n\t\t<div class=\"elementor-element elementor-element-96db950 e-con-full e-flex e-con e-child\" data-id=\"96db950\" data-element_type=\"container\">\n\t\t\t\t<div class=\"elementor-element elementor-element-c349ef1 elementor-widget elementor-widget-gallery\" data-id=\"c349ef1\" data-element_type=\"widget\" data-settings=\"{&quot;gallery_layout&quot;:&quot;masonry&quot;,&quot;columns&quot;:1,&quot;columns_tablet&quot;:1,&quot;overlay_title&quot;:&quot;caption&quot;,&quot;lazyload&quot;:&quot;yes&quot;,&quot;columns_mobile&quot;:1,&quot;gap&quot;:{&quot;unit&quot;:&quot;px&quot;,&quot;size&quot;:10,&quot;sizes&quot;:[]},&quot;gap_widescreen&quot;:{&quot;unit&quot;:&quot;px&quot;,&quot;size&quot;:&quot;&quot;,&quot;sizes&quot;:[]},&quot;gap_laptop&quot;:{&quot;unit&quot;:&quot;px&quot;,&quot;size&quot;:10,&quot;sizes&quot;:[]},&quot;gap_tablet&quot;:{&quot;unit&quot;:&quot;px&quot;,&quot;size&quot;:10,&quot;sizes&quot;:[]},&quot;gap_mobile&quot;:{&quot;unit&quot;:&quot;px&quot;,&quot;size&quot;:10,&quot;sizes&quot;:[]},&quot;link_to&quot;:&quot;file&quot;,&quot;overlay_background&quot;:&quot;yes&quot;,&quot;content_hover_animation&quot;:&quot;fade-in&quot;}\" data-widget_type=\"gallery.default\">\n\t\t\t\t\t\t\t<div class=\"elementor-gallery__container\">\n\t\t\t\t\t\t\t<a class=\"e-gallery-item elementor-gallery-item elementor-animated-content\" href=\"https:\/\/tahr.mx\/wp-content\/uploads\/2025\/07\/TAHR_Awards_Vivienda_Asequible_Los_Pirulines-scaled.jpg\" data-elementor-open-lightbox=\"yes\" data-elementor-lightbox-slideshow=\"c349ef1\" data-elementor-lightbox-title=\"TAHR_Awards_Vivienda_Asequible_Los_Pirulines\" data-e-action-hash=\"#elementor-action%3Aaction%3Dlightbox%26settings%3DeyJpZCI6Nzc5MCwidXJsIjoiaHR0cHM6XC9cL3RhaHIubXhcL3dwLWNvbnRlbnRcL3VwbG9hZHNcLzIwMjVcLzA3XC9UQUhSX0F3YXJkc19WaXZpZW5kYV9Bc2VxdWlibGVfTG9zX1BpcnVsaW5lcy1zY2FsZWQuanBnIiwic2xpZGVzaG93IjoiYzM0OWVmMSJ9\">\n\t\t\t\t\t<div class=\"e-gallery-image elementor-gallery-item__image\" data-thumbnail=\"https:\/\/tahr.mx\/wp-content\/uploads\/2025\/07\/TAHR_Awards_Vivienda_Asequible_Los_Pirulines-scaled.jpg\" data-width=\"2560\" data-height=\"2560\" aria-label=\"TAHR_Awards_Vivienda_Asequible_Los_Pirulines\" role=\"img\" ><\/div>\n\t\t\t\t\t\t\t\t\t\t\t<div class=\"elementor-gallery-item__overlay\"><\/div>\n\t\t\t\t\t\t\t\t\t\t\t\t\t\t\t<div class=\"elementor-gallery-item__content\">\n\t\t\t\t\t\t\t\t\t\t\t\t\t\t<div class=\"elementor-gallery-item__title\">\n\t\t\t\t\t\t\t\t\t\t\t\t\t\t\t\t\t\tTercer lugar<br>\nLos Pirules, BulAu\t\t\t\t\t\t\t\t<\/div>\n\t\t\t\t\t\t\t\t\t\t\t\t<\/div>\n\t\t\t\t\t\t\t\t\t<\/a>\n\t\t\t\t\t<\/div>\n\t\t\t\t\t<\/div>\n\t\t\t\t<div class=\"elementor-element elementor-element-3e9366d elementor-widget elementor-widget-heading\" data-id=\"3e9366d\" data-element_type=\"widget\" data-widget_type=\"heading.default\">\n\t\t\t\t\t<h2 class=\"elementor-heading-title elementor-size-default\">Concurso Nacional IMUVI 2022 para el Dise\u00f1o Arquitect\u00f3nico de un Prototipo de Vivienda\nAsequible<\/h2>\t\t\t\t<\/div>\n\t\t\t\t<\/div>\n\t\t<div class=\"elementor-element elementor-element-aa4a4eb e-con-full e-flex e-con e-child\" data-id=\"aa4a4eb\" data-element_type=\"container\">\n\t\t\t\t<div class=\"elementor-element elementor-element-9c8fe96 elementor-widget elementor-widget-gallery\" data-id=\"9c8fe96\" data-element_type=\"widget\" data-settings=\"{&quot;gallery_layout&quot;:&quot;masonry&quot;,&quot;columns&quot;:1,&quot;columns_tablet&quot;:1,&quot;overlay_title&quot;:&quot;caption&quot;,&quot;lazyload&quot;:&quot;yes&quot;,&quot;columns_mobile&quot;:1,&quot;gap&quot;:{&quot;unit&quot;:&quot;px&quot;,&quot;size&quot;:10,&quot;sizes&quot;:[]},&quot;gap_widescreen&quot;:{&quot;unit&quot;:&quot;px&quot;,&quot;size&quot;:&quot;&quot;,&quot;sizes&quot;:[]},&quot;gap_laptop&quot;:{&quot;unit&quot;:&quot;px&quot;,&quot;size&quot;:10,&quot;sizes&quot;:[]},&quot;gap_tablet&quot;:{&quot;unit&quot;:&quot;px&quot;,&quot;size&quot;:10,&quot;sizes&quot;:[]},&quot;gap_mobile&quot;:{&quot;unit&quot;:&quot;px&quot;,&quot;size&quot;:10,&quot;sizes&quot;:[]},&quot;link_to&quot;:&quot;file&quot;,&quot;overlay_background&quot;:&quot;yes&quot;,&quot;content_hover_animation&quot;:&quot;fade-in&quot;}\" data-widget_type=\"gallery.default\">\n\t\t\t\t\t\t\t<div class=\"elementor-gallery__container\">\n\t\t\t\t\t\t\t<a class=\"e-gallery-item elementor-gallery-item elementor-animated-content\" href=\"https:\/\/tahr.mx\/wp-content\/uploads\/2025\/07\/TAHR_Awards_Habitacional_Herradura_1-scaled.jpg\" data-elementor-open-lightbox=\"yes\" data-elementor-lightbox-slideshow=\"9c8fe96\" data-elementor-lightbox-title=\"TAHR_Awards_Habitacional_Herradura_1\" data-e-action-hash=\"#elementor-action%3Aaction%3Dlightbox%26settings%3DeyJpZCI6Nzc5NCwidXJsIjoiaHR0cHM6XC9cL3RhaHIubXhcL3dwLWNvbnRlbnRcL3VwbG9hZHNcLzIwMjVcLzA3XC9UQUhSX0F3YXJkc19IYWJpdGFjaW9uYWxfSGVycmFkdXJhXzEtc2NhbGVkLmpwZyIsInNsaWRlc2hvdyI6IjljOGZlOTYifQ%3D%3D\">\n\t\t\t\t\t<div class=\"e-gallery-image elementor-gallery-item__image\" data-thumbnail=\"https:\/\/tahr.mx\/wp-content\/uploads\/2025\/07\/TAHR_Awards_Habitacional_Herradura_1-scaled.jpg\" data-width=\"2560\" data-height=\"2560\" aria-label=\"TAHR_Awards_Habitacional_Herradura_1\" role=\"img\" ><\/div>\n\t\t\t\t\t\t\t\t\t\t\t<div class=\"elementor-gallery-item__overlay\"><\/div>\n\t\t\t\t\t\t\t\t\t\t\t\t\t\t\t<div class=\"elementor-gallery-item__content\">\n\t\t\t\t\t\t\t\t\t\t\t\t\t\t<div class=\"elementor-gallery-item__title\">\n\t\t\t\t\t\t\t\t\t\t\t\t\t\t\t\t\t\tNominaci\u00f3n<br>\nHerradura 1, BulAu\t\t\t\t\t\t\t\t<\/div>\n\t\t\t\t\t\t\t\t\t\t\t\t<\/div>\n\t\t\t\t\t\t\t\t\t<\/a>\n\t\t\t\t\t<\/div>\n\t\t\t\t\t<\/div>\n\t\t\t\t<div class=\"elementor-element elementor-element-d52499c elementor-widget elementor-widget-heading\" data-id=\"d52499c\" data-element_type=\"widget\" data-widget_type=\"heading.default\">\n\t\t\t\t\t<h2 class=\"elementor-heading-title elementor-size-default\">Proyecto del A\u00f1o 2021, ArchDaily<\/h2>\t\t\t\t<\/div>\n\t\t\t\t<\/div>\n\t\t\t\t\t<\/div>\n\t\t\t\t<\/div>\n\t\t<div class=\"elementor-element elementor-element-4fbf670 e-flex e-con-boxed e-con e-parent\" data-id=\"4fbf670\" data-element_type=\"container\">\n\t\t\t\t\t<div class=\"e-con-inner\">\n\t\t<div class=\"elementor-element elementor-element-263d5ff e-con-full e-flex e-con e-child\" data-id=\"263d5ff\" data-element_type=\"container\">\n\t\t\t\t<div class=\"elementor-element elementor-element-1acdd0e elementor-widget elementor-widget-gallery\" data-id=\"1acdd0e\" data-element_type=\"widget\" data-settings=\"{&quot;gallery_layout&quot;:&quot;masonry&quot;,&quot;columns&quot;:1,&quot;columns_tablet&quot;:1,&quot;overlay_title&quot;:&quot;caption&quot;,&quot;lazyload&quot;:&quot;yes&quot;,&quot;columns_mobile&quot;:1,&quot;gap&quot;:{&quot;unit&quot;:&quot;px&quot;,&quot;size&quot;:10,&quot;sizes&quot;:[]},&quot;gap_widescreen&quot;:{&quot;unit&quot;:&quot;px&quot;,&quot;size&quot;:&quot;&quot;,&quot;sizes&quot;:[]},&quot;gap_laptop&quot;:{&quot;unit&quot;:&quot;px&quot;,&quot;size&quot;:10,&quot;sizes&quot;:[]},&quot;gap_tablet&quot;:{&quot;unit&quot;:&quot;px&quot;,&quot;size&quot;:10,&quot;sizes&quot;:[]},&quot;gap_mobile&quot;:{&quot;unit&quot;:&quot;px&quot;,&quot;size&quot;:10,&quot;sizes&quot;:[]},&quot;link_to&quot;:&quot;file&quot;,&quot;overlay_background&quot;:&quot;yes&quot;,&quot;content_hover_animation&quot;:&quot;fade-in&quot;}\" data-widget_type=\"gallery.default\">\n\t\t\t\t\t\t\t<div class=\"elementor-gallery__container\">\n\t\t\t\t\t\t\t<a class=\"e-gallery-item elementor-gallery-item elementor-animated-content\" href=\"https:\/\/tahr.mx\/wp-content\/uploads\/2025\/07\/TAHR_Awards_Hoteleria_Zadun_A_Ritz_Carlton_Reserve_02-scaled.jpg\" data-elementor-open-lightbox=\"yes\" data-elementor-lightbox-slideshow=\"1acdd0e\" data-elementor-lightbox-title=\"TAHR_Awards_Hoteleria_Zadun_A_Ritz_Carlton_Reserve_02\" data-e-action-hash=\"#elementor-action%3Aaction%3Dlightbox%26settings%3DeyJpZCI6NzgwMiwidXJsIjoiaHR0cHM6XC9cL3RhaHIubXhcL3dwLWNvbnRlbnRcL3VwbG9hZHNcLzIwMjVcLzA3XC9UQUhSX0F3YXJkc19Ib3RlbGVyaWFfWmFkdW5fQV9SaXR6X0Nhcmx0b25fUmVzZXJ2ZV8wMi1zY2FsZWQuanBnIiwic2xpZGVzaG93IjoiMWFjZGQwZSJ9\">\n\t\t\t\t\t<div class=\"e-gallery-image elementor-gallery-item__image\" data-thumbnail=\"https:\/\/tahr.mx\/wp-content\/uploads\/2025\/07\/TAHR_Awards_Hoteleria_Zadun_A_Ritz_Carlton_Reserve_02-scaled.jpg\" data-width=\"2560\" data-height=\"2560\" aria-label=\"TAHR_Awards_Hoteleria_Zadun_A_Ritz_Carlton_Reserve_02\" role=\"img\" ><\/div>\n\t\t\t\t\t\t\t\t\t\t\t<div class=\"elementor-gallery-item__overlay\"><\/div>\n\t\t\t\t\t\t\t\t\t\t\t\t\t\t\t<div class=\"elementor-gallery-item__content\">\n\t\t\t\t\t\t\t\t\t\t\t\t\t\t<div class=\"elementor-gallery-item__title\">\n\t\t\t\t\t\t\t\t\t\t\t\t\t\t\t\t\t\tGanador<br>\nZad\u00fan, a Ritz-Carlton Reserve, Abax\t\t\t\t\t\t\t\t<\/div>\n\t\t\t\t\t\t\t\t\t\t\t\t<\/div>\n\t\t\t\t\t\t\t\t\t<\/a>\n\t\t\t\t\t<\/div>\n\t\t\t\t\t<\/div>\n\t\t\t\t<div class=\"elementor-element elementor-element-defac7c elementor-widget elementor-widget-heading\" data-id=\"defac7c\" data-element_type=\"widget\" data-widget_type=\"heading.default\">\n\t\t\t\t\t<h2 class=\"elementor-heading-title elementor-size-default\">Global Future Design Awards 2020 \u2013 Concepto de Hospitalidad, por Architecture Press\nRelease (APR)\n<\/h2>\t\t\t\t<\/div>\n\t\t\t\t<\/div>\n\t\t<div class=\"elementor-element elementor-element-d1fe642 e-con-full e-flex e-con e-child\" data-id=\"d1fe642\" data-element_type=\"container\">\n\t\t\t\t<div class=\"elementor-element elementor-element-962f393 elementor-widget elementor-widget-gallery\" data-id=\"962f393\" data-element_type=\"widget\" data-settings=\"{&quot;gallery_layout&quot;:&quot;masonry&quot;,&quot;columns&quot;:1,&quot;columns_tablet&quot;:1,&quot;overlay_title&quot;:&quot;caption&quot;,&quot;lazyload&quot;:&quot;yes&quot;,&quot;columns_mobile&quot;:1,&quot;gap&quot;:{&quot;unit&quot;:&quot;px&quot;,&quot;size&quot;:10,&quot;sizes&quot;:[]},&quot;gap_widescreen&quot;:{&quot;unit&quot;:&quot;px&quot;,&quot;size&quot;:&quot;&quot;,&quot;sizes&quot;:[]},&quot;gap_laptop&quot;:{&quot;unit&quot;:&quot;px&quot;,&quot;size&quot;:10,&quot;sizes&quot;:[]},&quot;gap_tablet&quot;:{&quot;unit&quot;:&quot;px&quot;,&quot;size&quot;:10,&quot;sizes&quot;:[]},&quot;gap_mobile&quot;:{&quot;unit&quot;:&quot;px&quot;,&quot;size&quot;:10,&quot;sizes&quot;:[]},&quot;link_to&quot;:&quot;file&quot;,&quot;overlay_background&quot;:&quot;yes&quot;,&quot;content_hover_animation&quot;:&quot;fade-in&quot;}\" data-widget_type=\"gallery.default\">\n\t\t\t\t\t\t\t<div class=\"elementor-gallery__container\">\n\t\t\t\t\t\t\t<a class=\"e-gallery-item elementor-gallery-item elementor-animated-content\" href=\"https:\/\/tahr.mx\/wp-content\/uploads\/2025\/07\/TAHR_Awards_Hoteleria_Zadun_A_Ritz_Carlton_Reserve_03-scaled.jpg\" data-elementor-open-lightbox=\"yes\" data-elementor-lightbox-slideshow=\"962f393\" data-elementor-lightbox-title=\"TAHR_Awards_Hoteleria_Zadun_A_Ritz_Carlton_Reserve_03\" data-e-action-hash=\"#elementor-action%3Aaction%3Dlightbox%26settings%3DeyJpZCI6NzgwNiwidXJsIjoiaHR0cHM6XC9cL3RhaHIubXhcL3dwLWNvbnRlbnRcL3VwbG9hZHNcLzIwMjVcLzA3XC9UQUhSX0F3YXJkc19Ib3RlbGVyaWFfWmFkdW5fQV9SaXR6X0Nhcmx0b25fUmVzZXJ2ZV8wMy1zY2FsZWQuanBnIiwic2xpZGVzaG93IjoiOTYyZjM5MyJ9\">\n\t\t\t\t\t<div class=\"e-gallery-image elementor-gallery-item__image\" data-thumbnail=\"https:\/\/tahr.mx\/wp-content\/uploads\/2025\/07\/TAHR_Awards_Hoteleria_Zadun_A_Ritz_Carlton_Reserve_03-scaled.jpg\" data-width=\"2560\" data-height=\"2560\" aria-label=\"TAHR_Awards_Hoteleria_Zadun_A_Ritz_Carlton_Reserve_03\" role=\"img\" ><\/div>\n\t\t\t\t\t\t\t\t\t\t\t<div class=\"elementor-gallery-item__overlay\"><\/div>\n\t\t\t\t\t\t\t\t\t\t\t\t\t\t\t<div class=\"elementor-gallery-item__content\">\n\t\t\t\t\t\t\t\t\t\t\t\t\t\t<div class=\"elementor-gallery-item__title\">\n\t\t\t\t\t\t\t\t\t\t\t\t\t\t\t\t\t\tGanador<br>\nZad\u00fan, a Ritz-Carlton Reserve, Abax\t\t\t\t\t\t\t\t<\/div>\n\t\t\t\t\t\t\t\t\t\t\t\t<\/div>\n\t\t\t\t\t\t\t\t\t<\/a>\n\t\t\t\t\t<\/div>\n\t\t\t\t\t<\/div>\n\t\t\t\t<div class=\"elementor-element elementor-element-07cbe08 elementor-widget elementor-widget-heading\" data-id=\"07cbe08\" data-element_type=\"widget\" data-widget_type=\"heading.default\">\n\t\t\t\t\t<h2 class=\"elementor-heading-title elementor-size-default\">Premio Noldi Schreck 2020 \u2013 Categor\u00eda Hotel Gran Turismo, por GLOCAL Design Magazine<\/h2>\t\t\t\t<\/div>\n\t\t\t\t<\/div>\n\t\t<div class=\"elementor-element elementor-element-9d9c7e1 e-con-full e-flex e-con e-child\" data-id=\"9d9c7e1\" data-element_type=\"container\">\n\t\t\t\t<div class=\"elementor-element elementor-element-be4d884 elementor-widget elementor-widget-gallery\" data-id=\"be4d884\" data-element_type=\"widget\" data-settings=\"{&quot;gallery_layout&quot;:&quot;masonry&quot;,&quot;columns&quot;:1,&quot;columns_tablet&quot;:1,&quot;overlay_title&quot;:&quot;caption&quot;,&quot;lazyload&quot;:&quot;yes&quot;,&quot;columns_mobile&quot;:1,&quot;gap&quot;:{&quot;unit&quot;:&quot;px&quot;,&quot;size&quot;:10,&quot;sizes&quot;:[]},&quot;gap_widescreen&quot;:{&quot;unit&quot;:&quot;px&quot;,&quot;size&quot;:&quot;&quot;,&quot;sizes&quot;:[]},&quot;gap_laptop&quot;:{&quot;unit&quot;:&quot;px&quot;,&quot;size&quot;:10,&quot;sizes&quot;:[]},&quot;gap_tablet&quot;:{&quot;unit&quot;:&quot;px&quot;,&quot;size&quot;:10,&quot;sizes&quot;:[]},&quot;gap_mobile&quot;:{&quot;unit&quot;:&quot;px&quot;,&quot;size&quot;:10,&quot;sizes&quot;:[]},&quot;link_to&quot;:&quot;file&quot;,&quot;overlay_background&quot;:&quot;yes&quot;,&quot;content_hover_animation&quot;:&quot;fade-in&quot;}\" data-widget_type=\"gallery.default\">\n\t\t\t\t\t\t\t<div class=\"elementor-gallery__container\">\n\t\t\t\t\t\t\t<a class=\"e-gallery-item elementor-gallery-item elementor-animated-content\" href=\"https:\/\/tahr.mx\/wp-content\/uploads\/2025\/07\/TAHR_Awards_Hoteleria_Zadun_A_Ritz_Carlton_Reserve_04-scaled.jpg\" data-elementor-open-lightbox=\"yes\" data-elementor-lightbox-slideshow=\"be4d884\" data-elementor-lightbox-title=\"TAHR_Awards_Hoteleria_Zadun_A_Ritz_Carlton_Reserve_04\" data-e-action-hash=\"#elementor-action%3Aaction%3Dlightbox%26settings%3DeyJpZCI6NzgxMCwidXJsIjoiaHR0cHM6XC9cL3RhaHIubXhcL3dwLWNvbnRlbnRcL3VwbG9hZHNcLzIwMjVcLzA3XC9UQUhSX0F3YXJkc19Ib3RlbGVyaWFfWmFkdW5fQV9SaXR6X0Nhcmx0b25fUmVzZXJ2ZV8wNC1zY2FsZWQuanBnIiwic2xpZGVzaG93IjoiYmU0ZDg4NCJ9\">\n\t\t\t\t\t<div class=\"e-gallery-image elementor-gallery-item__image\" data-thumbnail=\"https:\/\/tahr.mx\/wp-content\/uploads\/2025\/07\/TAHR_Awards_Hoteleria_Zadun_A_Ritz_Carlton_Reserve_04-scaled.jpg\" data-width=\"2560\" data-height=\"2560\" aria-label=\"TAHR_Awards_Hoteleria_Zadun_A_Ritz_Carlton_Reserve_04\" role=\"img\" ><\/div>\n\t\t\t\t\t\t\t\t\t\t\t<div class=\"elementor-gallery-item__overlay\"><\/div>\n\t\t\t\t\t\t\t\t\t\t\t\t\t\t\t<div class=\"elementor-gallery-item__content\">\n\t\t\t\t\t\t\t\t\t\t\t\t\t\t<div class=\"elementor-gallery-item__title\">\n\t\t\t\t\t\t\t\t\t\t\t\t\t\t\t\t\t\tMedalla de bronce<br>\nZad\u00fan, a Ritz-Carlton Reserve, Abax\t\t\t\t\t\t\t\t<\/div>\n\t\t\t\t\t\t\t\t\t\t\t\t<\/div>\n\t\t\t\t\t\t\t\t\t<\/a>\n\t\t\t\t\t<\/div>\n\t\t\t\t\t<\/div>\n\t\t\t\t<div class=\"elementor-element elementor-element-da93c7f elementor-widget elementor-widget-heading\" data-id=\"da93c7f\" data-element_type=\"widget\" data-widget_type=\"heading.default\">\n\t\t\t\t\t<h2 class=\"elementor-heading-title elementor-size-default\">International Design Awards (IDA) 2020 \u2013 Arquitectura: Hoteles y Resorts\n<\/h2>\t\t\t\t<\/div>\n\t\t\t\t<\/div>\n\t\t\t\t\t<\/div>\n\t\t\t\t<\/div>\n\t\t<div class=\"elementor-element elementor-element-56d10c1 e-flex e-con-boxed e-con e-parent\" data-id=\"56d10c1\" data-element_type=\"container\">\n\t\t\t\t\t<div class=\"e-con-inner\">\n\t\t<div class=\"elementor-element elementor-element-e610568 e-con-full e-flex e-con e-child\" data-id=\"e610568\" data-element_type=\"container\">\n\t\t\t\t<div class=\"elementor-element elementor-element-e0353ea elementor-widget elementor-widget-gallery\" data-id=\"e0353ea\" data-element_type=\"widget\" data-settings=\"{&quot;gallery_layout&quot;:&quot;masonry&quot;,&quot;columns&quot;:1,&quot;columns_tablet&quot;:1,&quot;overlay_title&quot;:&quot;caption&quot;,&quot;lazyload&quot;:&quot;yes&quot;,&quot;columns_mobile&quot;:1,&quot;gap&quot;:{&quot;unit&quot;:&quot;px&quot;,&quot;size&quot;:10,&quot;sizes&quot;:[]},&quot;gap_widescreen&quot;:{&quot;unit&quot;:&quot;px&quot;,&quot;size&quot;:&quot;&quot;,&quot;sizes&quot;:[]},&quot;gap_laptop&quot;:{&quot;unit&quot;:&quot;px&quot;,&quot;size&quot;:10,&quot;sizes&quot;:[]},&quot;gap_tablet&quot;:{&quot;unit&quot;:&quot;px&quot;,&quot;size&quot;:10,&quot;sizes&quot;:[]},&quot;gap_mobile&quot;:{&quot;unit&quot;:&quot;px&quot;,&quot;size&quot;:10,&quot;sizes&quot;:[]},&quot;link_to&quot;:&quot;file&quot;,&quot;overlay_background&quot;:&quot;yes&quot;,&quot;content_hover_animation&quot;:&quot;fade-in&quot;}\" data-widget_type=\"gallery.default\">\n\t\t\t\t\t\t\t<div class=\"elementor-gallery__container\">\n\t\t\t\t\t\t\t<a class=\"e-gallery-item elementor-gallery-item elementor-animated-content\" href=\"https:\/\/tahr.mx\/wp-content\/uploads\/2025\/07\/TAHR_Awards_Hoteleria_Zadun_A_Ritz_Carlton_Reserve_05-scaled.jpg\" data-elementor-open-lightbox=\"yes\" data-elementor-lightbox-slideshow=\"e0353ea\" data-elementor-lightbox-title=\"TAHR_Awards_Hoteleria_Zadun_A_Ritz_Carlton_Reserve_05\" data-e-action-hash=\"#elementor-action%3Aaction%3Dlightbox%26settings%3DeyJpZCI6NzgxNCwidXJsIjoiaHR0cHM6XC9cL3RhaHIubXhcL3dwLWNvbnRlbnRcL3VwbG9hZHNcLzIwMjVcLzA3XC9UQUhSX0F3YXJkc19Ib3RlbGVyaWFfWmFkdW5fQV9SaXR6X0Nhcmx0b25fUmVzZXJ2ZV8wNS1zY2FsZWQuanBnIiwic2xpZGVzaG93IjoiZTAzNTNlYSJ9\">\n\t\t\t\t\t<div class=\"e-gallery-image elementor-gallery-item__image\" data-thumbnail=\"https:\/\/tahr.mx\/wp-content\/uploads\/2025\/07\/TAHR_Awards_Hoteleria_Zadun_A_Ritz_Carlton_Reserve_05-scaled.jpg\" data-width=\"2560\" data-height=\"2560\" aria-label=\"TAHR_Awards_Hoteleria_Zadun_A_Ritz_Carlton_Reserve_05\" role=\"img\" ><\/div>\n\t\t\t\t\t\t\t\t\t\t\t<div class=\"elementor-gallery-item__overlay\"><\/div>\n\t\t\t\t\t\t\t\t\t\t\t\t\t\t\t<div class=\"elementor-gallery-item__content\">\n\t\t\t\t\t\t\t\t\t\t\t\t\t\t<div class=\"elementor-gallery-item__title\">\n\t\t\t\t\t\t\t\t\t\t\t\t\t\t\t\t\t\tGanador<br>\nZad\u00fan, a Ritz-Carlton Reserve, Abax\t\t\t\t\t\t\t\t<\/div>\n\t\t\t\t\t\t\t\t\t\t\t\t<\/div>\n\t\t\t\t\t\t\t\t\t<\/a>\n\t\t\t\t\t<\/div>\n\t\t\t\t\t<\/div>\n\t\t\t\t<div class=\"elementor-element elementor-element-1e8f963 elementor-widget elementor-widget-heading\" data-id=\"1e8f963\" data-element_type=\"widget\" data-widget_type=\"heading.default\">\n\t\t\t\t\t<h2 class=\"elementor-heading-title elementor-size-default\">Proyecto del A\u00f1o 2020 \u2013 Categor\u00eda Edificaci\u00f3n Tur\u00edstica, por Revista Obras de Grupo\nExpansi\u00f3n<\/h2>\t\t\t\t<\/div>\n\t\t\t\t<\/div>\n\t\t<div class=\"elementor-element elementor-element-994496c e-con-full e-flex e-con e-child\" data-id=\"994496c\" data-element_type=\"container\">\n\t\t\t\t<div class=\"elementor-element elementor-element-c1bce28 elementor-widget elementor-widget-gallery\" data-id=\"c1bce28\" data-element_type=\"widget\" data-settings=\"{&quot;gallery_layout&quot;:&quot;masonry&quot;,&quot;columns&quot;:1,&quot;columns_tablet&quot;:1,&quot;overlay_title&quot;:&quot;caption&quot;,&quot;lazyload&quot;:&quot;yes&quot;,&quot;columns_mobile&quot;:1,&quot;gap&quot;:{&quot;unit&quot;:&quot;px&quot;,&quot;size&quot;:10,&quot;sizes&quot;:[]},&quot;gap_widescreen&quot;:{&quot;unit&quot;:&quot;px&quot;,&quot;size&quot;:&quot;&quot;,&quot;sizes&quot;:[]},&quot;gap_laptop&quot;:{&quot;unit&quot;:&quot;px&quot;,&quot;size&quot;:10,&quot;sizes&quot;:[]},&quot;gap_tablet&quot;:{&quot;unit&quot;:&quot;px&quot;,&quot;size&quot;:10,&quot;sizes&quot;:[]},&quot;gap_mobile&quot;:{&quot;unit&quot;:&quot;px&quot;,&quot;size&quot;:10,&quot;sizes&quot;:[]},&quot;link_to&quot;:&quot;file&quot;,&quot;overlay_background&quot;:&quot;yes&quot;,&quot;content_hover_animation&quot;:&quot;fade-in&quot;}\" data-widget_type=\"gallery.default\">\n\t\t\t\t\t\t\t<div class=\"elementor-gallery__container\">\n\t\t\t\t\t\t\t<a class=\"e-gallery-item elementor-gallery-item elementor-animated-content\" href=\"https:\/\/tahr.mx\/wp-content\/uploads\/2025\/07\/TAHR_Awards_Hoteleria_Zadun_A_Ritz_Carlton_Reserve_06-scaled.jpg\" data-elementor-open-lightbox=\"yes\" data-elementor-lightbox-slideshow=\"c1bce28\" data-elementor-lightbox-title=\"TAHR_Awards_Hoteleria_Zadun_A_Ritz_Carlton_Reserve_06\" data-e-action-hash=\"#elementor-action%3Aaction%3Dlightbox%26settings%3DeyJpZCI6NzgxOCwidXJsIjoiaHR0cHM6XC9cL3RhaHIubXhcL3dwLWNvbnRlbnRcL3VwbG9hZHNcLzIwMjVcLzA3XC9UQUhSX0F3YXJkc19Ib3RlbGVyaWFfWmFkdW5fQV9SaXR6X0Nhcmx0b25fUmVzZXJ2ZV8wNi1zY2FsZWQuanBnIiwic2xpZGVzaG93IjoiYzFiY2UyOCJ9\">\n\t\t\t\t\t<div class=\"e-gallery-image elementor-gallery-item__image\" data-thumbnail=\"https:\/\/tahr.mx\/wp-content\/uploads\/2025\/07\/TAHR_Awards_Hoteleria_Zadun_A_Ritz_Carlton_Reserve_06-scaled.jpg\" data-width=\"2560\" data-height=\"2560\" aria-label=\"TAHR_Awards_Hoteleria_Zadun_A_Ritz_Carlton_Reserve_06\" role=\"img\" ><\/div>\n\t\t\t\t\t\t\t\t\t\t\t<div class=\"elementor-gallery-item__overlay\"><\/div>\n\t\t\t\t\t\t\t\t\t\t\t\t\t\t\t<div class=\"elementor-gallery-item__content\">\n\t\t\t\t\t\t\t\t\t\t\t\t\t\t<div class=\"elementor-gallery-item__title\">\n\t\t\t\t\t\t\t\t\t\t\t\t\t\t\t\t\t\tGanador<br>\nZad\u00fan, a Ritz-Carlton Reserve, Abax\t\t\t\t\t\t\t\t<\/div>\n\t\t\t\t\t\t\t\t\t\t\t\t<\/div>\n\t\t\t\t\t\t\t\t\t<\/a>\n\t\t\t\t\t<\/div>\n\t\t\t\t\t<\/div>\n\t\t\t\t<div class=\"elementor-element elementor-element-4daf8da elementor-widget elementor-widget-heading\" data-id=\"4daf8da\" data-element_type=\"widget\" data-widget_type=\"heading.default\">\n\t\t\t\t\t<h2 class=\"elementor-heading-title elementor-size-default\">LIV Hospitality Design Awards 2020 \u2013 Dise\u00f1o Arquitect\u00f3nico: Resort de Lujo, Destino de Playa\ny Norteam\u00e9rica<\/h2>\t\t\t\t<\/div>\n\t\t\t\t<\/div>\n\t\t<div class=\"elementor-element elementor-element-1a1c801 e-con-full e-flex e-con e-child\" data-id=\"1a1c801\" data-element_type=\"container\">\n\t\t\t\t<div class=\"elementor-element elementor-element-61ff0a6 elementor-widget elementor-widget-gallery\" data-id=\"61ff0a6\" data-element_type=\"widget\" data-settings=\"{&quot;gallery_layout&quot;:&quot;masonry&quot;,&quot;columns&quot;:1,&quot;columns_tablet&quot;:1,&quot;overlay_title&quot;:&quot;caption&quot;,&quot;lazyload&quot;:&quot;yes&quot;,&quot;columns_mobile&quot;:1,&quot;gap&quot;:{&quot;unit&quot;:&quot;px&quot;,&quot;size&quot;:10,&quot;sizes&quot;:[]},&quot;gap_widescreen&quot;:{&quot;unit&quot;:&quot;px&quot;,&quot;size&quot;:&quot;&quot;,&quot;sizes&quot;:[]},&quot;gap_laptop&quot;:{&quot;unit&quot;:&quot;px&quot;,&quot;size&quot;:10,&quot;sizes&quot;:[]},&quot;gap_tablet&quot;:{&quot;unit&quot;:&quot;px&quot;,&quot;size&quot;:10,&quot;sizes&quot;:[]},&quot;gap_mobile&quot;:{&quot;unit&quot;:&quot;px&quot;,&quot;size&quot;:10,&quot;sizes&quot;:[]},&quot;link_to&quot;:&quot;file&quot;,&quot;overlay_background&quot;:&quot;yes&quot;,&quot;content_hover_animation&quot;:&quot;fade-in&quot;}\" data-widget_type=\"gallery.default\">\n\t\t\t\t\t\t\t<div class=\"elementor-gallery__container\">\n\t\t\t\t\t\t\t<a class=\"e-gallery-item elementor-gallery-item elementor-animated-content\" href=\"https:\/\/tahr.mx\/wp-content\/uploads\/2025\/07\/TAHR_Awards_Hoteleria_Zadun_A_Ritz_Carlton_Reserve_07-scaled.jpg\" data-elementor-open-lightbox=\"yes\" data-elementor-lightbox-slideshow=\"61ff0a6\" data-elementor-lightbox-title=\"TAHR_Awards_Hoteleria_Zadun_A_Ritz_Carlton_Reserve_07\" data-e-action-hash=\"#elementor-action%3Aaction%3Dlightbox%26settings%3DeyJpZCI6NzgyMiwidXJsIjoiaHR0cHM6XC9cL3RhaHIubXhcL3dwLWNvbnRlbnRcL3VwbG9hZHNcLzIwMjVcLzA3XC9UQUhSX0F3YXJkc19Ib3RlbGVyaWFfWmFkdW5fQV9SaXR6X0Nhcmx0b25fUmVzZXJ2ZV8wNy1zY2FsZWQuanBnIiwic2xpZGVzaG93IjoiNjFmZjBhNiJ9\">\n\t\t\t\t\t<div class=\"e-gallery-image elementor-gallery-item__image\" data-thumbnail=\"https:\/\/tahr.mx\/wp-content\/uploads\/2025\/07\/TAHR_Awards_Hoteleria_Zadun_A_Ritz_Carlton_Reserve_07-scaled.jpg\" data-width=\"2560\" data-height=\"2560\" aria-label=\"TAHR_Awards_Hoteleria_Zadun_A_Ritz_Carlton_Reserve_07\" role=\"img\" ><\/div>\n\t\t\t\t\t\t\t\t\t\t\t<div class=\"elementor-gallery-item__overlay\"><\/div>\n\t\t\t\t\t\t\t\t\t\t\t\t\t\t\t<div class=\"elementor-gallery-item__content\">\n\t\t\t\t\t\t\t\t\t\t\t\t\t\t<div class=\"elementor-gallery-item__title\">\n\t\t\t\t\t\t\t\t\t\t\t\t\t\t\t\t\t\tGanador<br>\nZad\u00fan, a Ritz-Carlton Reserve, Abax\t\t\t\t\t\t\t\t<\/div>\n\t\t\t\t\t\t\t\t\t\t\t\t<\/div>\n\t\t\t\t\t\t\t\t\t<\/a>\n\t\t\t\t\t<\/div>\n\t\t\t\t\t<\/div>\n\t\t\t\t<div class=\"elementor-element elementor-element-fc98a70 elementor-widget elementor-widget-heading\" data-id=\"fc98a70\" data-element_type=\"widget\" data-widget_type=\"heading.default\">\n\t\t\t\t\t<h2 class=\"elementor-heading-title elementor-size-default\">Los Angeles Architectural Awards 2020 \u2013 Categor\u00eda Bienes Ra\u00edces Sustentables Los \u00c1ngeles\n&amp; M\u00e9xico, por Los Angeles Business Council (LABC)<\/h2>\t\t\t\t<\/div>\n\t\t\t\t<\/div>\n\t\t\t\t\t<\/div>\n\t\t\t\t<\/div>\n\t\t<div class=\"elementor-element elementor-element-fcd13c7 e-flex e-con-boxed e-con e-parent\" data-id=\"fcd13c7\" data-element_type=\"container\">\n\t\t\t\t\t<div class=\"e-con-inner\">\n\t\t<div class=\"elementor-element elementor-element-7bee66f e-con-full e-flex e-con e-child\" data-id=\"7bee66f\" data-element_type=\"container\">\n\t\t\t\t<div class=\"elementor-element elementor-element-3e000b7 elementor-widget elementor-widget-gallery\" data-id=\"3e000b7\" data-element_type=\"widget\" data-settings=\"{&quot;gallery_layout&quot;:&quot;masonry&quot;,&quot;columns&quot;:1,&quot;columns_tablet&quot;:1,&quot;overlay_title&quot;:&quot;caption&quot;,&quot;lazyload&quot;:&quot;yes&quot;,&quot;columns_mobile&quot;:1,&quot;gap&quot;:{&quot;unit&quot;:&quot;px&quot;,&quot;size&quot;:10,&quot;sizes&quot;:[]},&quot;gap_widescreen&quot;:{&quot;unit&quot;:&quot;px&quot;,&quot;size&quot;:&quot;&quot;,&quot;sizes&quot;:[]},&quot;gap_laptop&quot;:{&quot;unit&quot;:&quot;px&quot;,&quot;size&quot;:10,&quot;sizes&quot;:[]},&quot;gap_tablet&quot;:{&quot;unit&quot;:&quot;px&quot;,&quot;size&quot;:10,&quot;sizes&quot;:[]},&quot;gap_mobile&quot;:{&quot;unit&quot;:&quot;px&quot;,&quot;size&quot;:10,&quot;sizes&quot;:[]},&quot;link_to&quot;:&quot;file&quot;,&quot;overlay_background&quot;:&quot;yes&quot;,&quot;content_hover_animation&quot;:&quot;fade-in&quot;}\" data-widget_type=\"gallery.default\">\n\t\t\t\t\t\t\t<div class=\"elementor-gallery__container\">\n\t\t\t\t\t\t\t<a class=\"e-gallery-item elementor-gallery-item elementor-animated-content\" href=\"https:\/\/tahr.mx\/wp-content\/uploads\/2025\/07\/TAHR_Awards_Cultural_Remodelacion_del_Conjunto_Tlalpan-1-scaled.jpg\" data-elementor-open-lightbox=\"yes\" data-elementor-lightbox-slideshow=\"3e000b7\" data-elementor-lightbox-title=\"TAHR_Awards_Cultural_Remodelaci\u00f3n_del_Conjunto_Tlalpan\" data-e-action-hash=\"#elementor-action%3Aaction%3Dlightbox%26settings%3DeyJpZCI6Nzg1MywidXJsIjoiaHR0cHM6XC9cL3RhaHIubXhcL3dwLWNvbnRlbnRcL3VwbG9hZHNcLzIwMjVcLzA3XC9UQUhSX0F3YXJkc19DdWx0dXJhbF9SZW1vZGVsYWNpb25fZGVsX0Nvbmp1bnRvX1RsYWxwYW4tMS1zY2FsZWQuanBnIiwic2xpZGVzaG93IjoiM2UwMDBiNyJ9\">\n\t\t\t\t\t<div class=\"e-gallery-image elementor-gallery-item__image\" data-thumbnail=\"https:\/\/tahr.mx\/wp-content\/uploads\/2025\/07\/TAHR_Awards_Cultural_Remodelacion_del_Conjunto_Tlalpan-1-scaled.jpg\" data-width=\"2560\" data-height=\"2560\" aria-label=\"TAHR_Awards_Cultural_Remodelaci\u00f3n_del_Conjunto_Tlalpan\" role=\"img\" ><\/div>\n\t\t\t\t\t\t\t\t\t\t\t<div class=\"elementor-gallery-item__overlay\"><\/div>\n\t\t\t\t\t\t\t\t\t\t\t\t\t\t\t<div class=\"elementor-gallery-item__content\">\n\t\t\t\t\t\t\t\t\t\t\t\t\t\t<div class=\"elementor-gallery-item__title\">\n\t\t\t\t\t\t\t\t\t\t\t\t\t\t\t\t\t\tGanador<br>\nRemodelaci\u00f3n del Conjunto de Tlalpan, BulAu\t\t\t\t\t\t\t\t<\/div>\n\t\t\t\t\t\t\t\t\t\t\t\t<\/div>\n\t\t\t\t\t\t\t\t\t<\/a>\n\t\t\t\t\t<\/div>\n\t\t\t\t\t<\/div>\n\t\t\t\t<div class=\"elementor-element elementor-element-8994d59 elementor-widget elementor-widget-heading\" data-id=\"8994d59\" data-element_type=\"widget\" data-widget_type=\"heading.default\">\n\t\t\t\t\t<h2 class=\"elementor-heading-title elementor-size-default\">Concurso Nacional de Ideas 2016\n<\/h2>\t\t\t\t<\/div>\n\t\t\t\t<\/div>\n\t\t<div class=\"elementor-element elementor-element-750a578 e-con-full e-flex e-con e-child\" data-id=\"750a578\" data-element_type=\"container\">\n\t\t\t\t<div class=\"elementor-element elementor-element-6a912d2 elementor-widget elementor-widget-gallery\" data-id=\"6a912d2\" data-element_type=\"widget\" data-settings=\"{&quot;gallery_layout&quot;:&quot;masonry&quot;,&quot;columns&quot;:1,&quot;columns_tablet&quot;:1,&quot;overlay_title&quot;:&quot;caption&quot;,&quot;lazyload&quot;:&quot;yes&quot;,&quot;columns_mobile&quot;:1,&quot;gap&quot;:{&quot;unit&quot;:&quot;px&quot;,&quot;size&quot;:10,&quot;sizes&quot;:[]},&quot;gap_widescreen&quot;:{&quot;unit&quot;:&quot;px&quot;,&quot;size&quot;:&quot;&quot;,&quot;sizes&quot;:[]},&quot;gap_laptop&quot;:{&quot;unit&quot;:&quot;px&quot;,&quot;size&quot;:10,&quot;sizes&quot;:[]},&quot;gap_tablet&quot;:{&quot;unit&quot;:&quot;px&quot;,&quot;size&quot;:10,&quot;sizes&quot;:[]},&quot;gap_mobile&quot;:{&quot;unit&quot;:&quot;px&quot;,&quot;size&quot;:10,&quot;sizes&quot;:[]},&quot;link_to&quot;:&quot;file&quot;,&quot;overlay_background&quot;:&quot;yes&quot;,&quot;content_hover_animation&quot;:&quot;fade-in&quot;}\" data-widget_type=\"gallery.default\">\n\t\t\t\t\t\t\t<div class=\"elementor-gallery__container\">\n\t\t\t\t\t\t\t<a class=\"e-gallery-item elementor-gallery-item elementor-animated-content\" href=\"https:\/\/tahr.mx\/wp-content\/uploads\/2025\/07\/TAHR_Awards_Cultural_Pabellon_de_Mexico_en_la_Exposicion_Universal_de_Milan-1-scaled.jpg\" data-elementor-open-lightbox=\"yes\" data-elementor-lightbox-slideshow=\"6a912d2\" data-elementor-lightbox-title=\"TAHR_Awards_Cultural_Pabellon_de_Mexico_en_la_Exposicion_Universal_de_Milan\" data-e-action-hash=\"#elementor-action%3Aaction%3Dlightbox%26settings%3DeyJpZCI6Nzg0MiwidXJsIjoiaHR0cHM6XC9cL3RhaHIubXhcL3dwLWNvbnRlbnRcL3VwbG9hZHNcLzIwMjVcLzA3XC9UQUhSX0F3YXJkc19DdWx0dXJhbF9QYWJlbGxvbl9kZV9NZXhpY29fZW5fbGFfRXhwb3NpY2lvbl9Vbml2ZXJzYWxfZGVfTWlsYW4tMS1zY2FsZWQuanBnIiwic2xpZGVzaG93IjoiNmE5MTJkMiJ9\">\n\t\t\t\t\t<div class=\"e-gallery-image elementor-gallery-item__image\" data-thumbnail=\"https:\/\/tahr.mx\/wp-content\/uploads\/2025\/07\/TAHR_Awards_Cultural_Pabellon_de_Mexico_en_la_Exposicion_Universal_de_Milan-1-scaled.jpg\" data-width=\"2560\" data-height=\"2560\" aria-label=\"TAHR_Awards_Cultural_Pabellon_de_Mexico_en_la_Exposicion_Universal_de_Milan\" role=\"img\" ><\/div>\n\t\t\t\t\t\t\t\t\t\t\t<div class=\"elementor-gallery-item__overlay\"><\/div>\n\t\t\t\t\t\t\t\t\t\t\t\t\t\t\t<div class=\"elementor-gallery-item__content\">\n\t\t\t\t\t\t\t\t\t\t\t\t\t\t<div class=\"elementor-gallery-item__title\">\n\t\t\t\t\t\t\t\t\t\t\t\t\t\t\t\t\t\tMenci\u00f3n honor\u00edfica<br>\nPabell\u00f3n de M\u00e9xico, BulAu\t\t\t\t\t\t\t\t<\/div>\n\t\t\t\t\t\t\t\t\t\t\t\t<\/div>\n\t\t\t\t\t\t\t\t\t<\/a>\n\t\t\t\t\t<\/div>\n\t\t\t\t\t<\/div>\n\t\t\t\t<div class=\"elementor-element elementor-element-47e7ccb elementor-widget elementor-widget-heading\" data-id=\"47e7ccb\" data-element_type=\"widget\" data-widget_type=\"heading.default\">\n\t\t\t\t\t<h2 class=\"elementor-heading-title elementor-size-default\">Concurso Nacional de Dise\u00f1o Arquitect\u00f3nico para la Exposici\u00f3n Universal de Mil\u00e1n 2015\n<\/h2>\t\t\t\t<\/div>\n\t\t\t\t<\/div>\n\t\t<div class=\"elementor-element elementor-element-e74b2b9 e-con-full e-flex e-con e-child\" data-id=\"e74b2b9\" data-element_type=\"container\">\n\t\t\t\t<div class=\"elementor-element elementor-element-6b77259 elementor-widget elementor-widget-gallery\" data-id=\"6b77259\" data-element_type=\"widget\" data-settings=\"{&quot;gallery_layout&quot;:&quot;masonry&quot;,&quot;columns&quot;:1,&quot;columns_tablet&quot;:1,&quot;overlay_title&quot;:&quot;caption&quot;,&quot;lazyload&quot;:&quot;yes&quot;,&quot;columns_mobile&quot;:1,&quot;gap&quot;:{&quot;unit&quot;:&quot;px&quot;,&quot;size&quot;:10,&quot;sizes&quot;:[]},&quot;gap_widescreen&quot;:{&quot;unit&quot;:&quot;px&quot;,&quot;size&quot;:&quot;&quot;,&quot;sizes&quot;:[]},&quot;gap_laptop&quot;:{&quot;unit&quot;:&quot;px&quot;,&quot;size&quot;:10,&quot;sizes&quot;:[]},&quot;gap_tablet&quot;:{&quot;unit&quot;:&quot;px&quot;,&quot;size&quot;:10,&quot;sizes&quot;:[]},&quot;gap_mobile&quot;:{&quot;unit&quot;:&quot;px&quot;,&quot;size&quot;:10,&quot;sizes&quot;:[]},&quot;link_to&quot;:&quot;file&quot;,&quot;overlay_background&quot;:&quot;yes&quot;,&quot;content_hover_animation&quot;:&quot;fade-in&quot;}\" data-widget_type=\"gallery.default\">\n\t\t\t\t\t\t\t<div class=\"elementor-gallery__container\">\n\t\t\t\t\t\t\t<a class=\"e-gallery-item elementor-gallery-item elementor-animated-content\" href=\"https:\/\/tahr.mx\/wp-content\/uploads\/2025\/07\/TAHR_Awards_Cultural_Once_Upon_a_Line-1-scaled.jpg\" data-elementor-open-lightbox=\"yes\" data-elementor-lightbox-slideshow=\"6b77259\" data-elementor-lightbox-title=\"TAHR_Awards_Cultural_Once_Upon_a_Line\" data-e-action-hash=\"#elementor-action%3Aaction%3Dlightbox%26settings%3DeyJpZCI6Nzg2MCwidXJsIjoiaHR0cHM6XC9cL3RhaHIubXhcL3dwLWNvbnRlbnRcL3VwbG9hZHNcLzIwMjVcLzA3XC9UQUhSX0F3YXJkc19DdWx0dXJhbF9PbmNlX1Vwb25fYV9MaW5lLTEtc2NhbGVkLmpwZyIsInNsaWRlc2hvdyI6IjZiNzcyNTkifQ%3D%3D\">\n\t\t\t\t\t<div class=\"e-gallery-image elementor-gallery-item__image\" data-thumbnail=\"https:\/\/tahr.mx\/wp-content\/uploads\/2025\/07\/TAHR_Awards_Cultural_Once_Upon_a_Line-1-scaled.jpg\" data-width=\"2560\" data-height=\"2560\" aria-label=\"TAHR_Awards_Cultural_Once_Upon_a_Line\" role=\"img\" ><\/div>\n\t\t\t\t\t\t\t\t\t\t\t<div class=\"elementor-gallery-item__overlay\"><\/div>\n\t\t\t\t\t\t\t\t\t\t\t\t\t\t\t<div class=\"elementor-gallery-item__content\">\n\t\t\t\t\t\t\t\t\t\t\t\t\t\t<div class=\"elementor-gallery-item__title\">\n\t\t\t\t\t\t\t\t\t\t\t\t\t\t\t\t\t\tFinalista<br>\nOnce Upon a Line, BulAu\t\t\t\t\t\t\t\t<\/div>\n\t\t\t\t\t\t\t\t\t\t\t\t<\/div>\n\t\t\t\t\t\t\t\t\t<\/a>\n\t\t\t\t\t<\/div>\n\t\t\t\t\t<\/div>\n\t\t\t\t<div class=\"elementor-element elementor-element-0f26a30 elementor-widget elementor-widget-heading\" data-id=\"0f26a30\" data-element_type=\"widget\" data-widget_type=\"heading.default\">\n\t\t\t\t\t<h2 class=\"elementor-heading-title elementor-size-default\">Concurso Arquine No. 16: Umbral de las Am\u00e9ricas, 2014<\/h2>\t\t\t\t<\/div>\n\t\t\t\t<\/div>\n\t\t\t\t\t<\/div>\n\t\t\t\t<\/div>\n\t\t\t\t<section class=\"elementor-section elementor-top-section elementor-element elementor-element-b6ec4cd elementor-section-boxed elementor-section-height-default elementor-section-height-default\" data-id=\"b6ec4cd\" data-element_type=\"section\">\n\t\t\t\t\t\t<div class=\"elementor-container elementor-column-gap-default\">\n\t\t\t\t\t<div class=\"elementor-column elementor-col-100 elementor-top-column elementor-element elementor-element-059eda4\" data-id=\"059eda4\" data-element_type=\"column\">\n\t\t\t<div class=\"elementor-widget-wrap elementor-element-populated\">\n\t\t\t\t\t\t<div class=\"elementor-element elementor-element-e28630c elementor-widget elementor-widget-spacer\" data-id=\"e28630c\" data-element_type=\"widget\" data-widget_type=\"spacer.default\">\n\t\t\t\t\t\t\t<div class=\"elementor-spacer\">\n\t\t\t<div class=\"elementor-spacer-inner\"><\/div>\n\t\t<\/div>\n\t\t\t\t\t\t<\/div>\n\t\t\t\t\t<\/div>\n\t\t<\/div>\n\t\t\t\t\t<\/div>\n\t\t<\/section>\n\t\t\t\t<\/div>",
        "protected": false
    },
    "excerpt": {
        "rendered": "<p>Premios TAHR es un despacho respaldado por la s\u00f3lida trayectoria de sus socios, cuya experiencia se forj\u00f3 en iniciativas previas. Desde 2022, Pablo Blasco, Jes\u00fas Fern\u00e1ndez y Sof\u00eda Bezaury \u2013antiguos socios y miembros de Abax\u2013 se asociaron con H\u00e9ctor de la Pe\u00f1a, quien previamente lider\u00f3 BulAu Arquitectos, para consolidar su pr\u00e1ctica conjunta bajo el nombre [&hellip;]<\/p>",
        "protected": false
    },
    "author": 1,
    "featured_media": 0,
    "parent": 0,
    "menu_order": 0,
    "comment_status": "closed",
    "ping_status": "closed",
    "template": "",
    "meta": {
        "footnotes": ""
    },
    "class_list": [
        "post-721",
        "page",
        "type-page",
        "status-publish",
        "hentry"
    ],
    "_links": {
        "self": [
            {
                "href": "https:\/\/tahr.mx\/es\/wp-json\/wp\/v2\/pages\/721",
                "targetHints": {
                    "allow": [
                        "GET"
                    ]
                }
            }
        ],
        "collection": [
            {
                "href": "https:\/\/tahr.mx\/es\/wp-json\/wp\/v2\/pages"
            }
        ],
        "about": [
            {
                "href": "https:\/\/tahr.mx\/es\/wp-json\/wp\/v2\/types\/page"
            }
        ],
        "author": [
            {
                "embeddable": true,
                "href": "https:\/\/tahr.mx\/es\/wp-json\/wp\/v2\/users\/1"
            }
        ],
        "replies": [
            {
                "embeddable": true,
                "href": "https:\/\/tahr.mx\/es\/wp-json\/wp\/v2\/comments?post=721"
            }
        ],
        "version-history": [
            {
                "count": 271,
                "href": "https:\/\/tahr.mx\/es\/wp-json\/wp\/v2\/pages\/721\/revisions"
            }
        ],
        "predecessor-version": [
            {
                "id": 9441,
                "href": "https:\/\/tahr.mx\/es\/wp-json\/wp\/v2\/pages\/721\/revisions\/9441"
            }
        ],
        "wp:attachment": [
            {
                "href": "https:\/\/tahr.mx\/es\/wp-json\/wp\/v2\/media?parent=721"
            }
        ],
        "curies": [
            {
                "name": "wp",
                "href": "https:\/\/api.w.org\/{rel}",
                "templated": true
            }
        ]
    }
}